{"id":223,"date":"2019-05-06T00:00:00","date_gmt":"2019-05-06T00:00:00","guid":{"rendered":"https:\/\/vfb1.de\/vfb\/2019\/05\/06\/vfb-stuttgart-hitzlsperger-ist-enttaeuscht-von-der-mannschaft\/"},"modified":"2019-05-06T00:00:00","modified_gmt":"2019-05-06T00:00:00","slug":"vfb-stuttgart-hitzlsperger-ist-enttaeuscht-von-der-mannschaft","status":"publish","type":"post","link":"https:\/\/vfb1.de\/vfb\/2019\/05\/06\/vfb-stuttgart-hitzlsperger-ist-enttaeuscht-von-der-mannschaft\/","title":{"rendered":"VfB Stuttgart: Hitzlsperger ist entt\u00e4uscht von der Mannschaft"},"content":{"rendered":"<p>Der schwache Auftritt des VfB Stuttgart bei der 1:3-Niederlage gegen Hertha BSC Berlin weckt Verst\u00e4ndnis bei VfB-Sportvorstand Thomas Hitzslperger f\u00fcr alle, die derzeit Kritik \u00fcben. Er selbst ist unzufrieden mit dem Ergebnis und der Einstellung.<br \/>\n<br \/>\u0084Das Ergebnis war entt\u00e4uschend. Wir waren \u00fcber 90 Minuten nicht gut genug. Wir waren nach dem Sieg \u00fcber Gladbach im Aufwind, was uns auch in der Trainingswoche geholfen hatte. Und auf einmal sind wir in Berlin und schaffen es nicht, an die Leistung der Vorwoche anzukn\u00fcpfen. Das ist nat\u00fcrlich sehr entt\u00e4uschend\u0093, \u00e4u\u00dferte er sich in einer TV-Sendung.<br \/>\n<br \/>\u00dcber die Relegation soll der Klassenerhalt geschafft werden. Spieler und Trainer sollen sich voll auf die letzten beiden Partien der regul\u00e4ren Spielzeit konzentrieren, um dieses Ziel zu erreichen. Das Feld etwaiger Gegner wird dennoch bereits sondiert: \u0084Unsere Scoutingabteilung ist damit besch\u00e4ftigt, die m\u00f6glichen Gegner zu beobachten. Zu schauen, wo sind die St\u00e4rken und wo sind die Schw\u00e4chen.\u0093<br \/>\n<br \/>Mit der neuen Saison wird der VfB auch wieder einen neuen Trainer haben. Dieser soll laut Hitzlsperger den Nachwuchs st\u00e4rker integrieren sowie Mut und Leidenschaft als Charakterelemente mitbringen. Wer k\u00fcnftig im Kader stehen wird, entscheidet deren Verhalten in den kommenden Tagen: \u0084Wir beobachten unsere Spieler jetzt. Wir schauen, wie gehen sie mit dieser sehr schwierigen Situation um. Wer ist bereit, alles f\u00fcr den Verein zu geben. Und welcher Spieler hilft uns nicht. Die Spieler m\u00fcssen einfach verstehen: Sie haben uns diese Situation gebracht. Und wir k\u00f6nnen erst im Sommer entscheiden, wie es weitergeht.\u0093<br \/>\n(cm)<\/p>\n","protected":false},"excerpt":{"rendered":"<p>Der schwache Auftritt des VfB Stuttgart bei der 1:3-Niederlage gegen Hertha BSC Berlin weckt Verst\u00e4ndnis bei VfB-Sportvorstand Thomas Hitzslperger f\u00fcr&hellip;<\/p>\n","protected":false},"author":2,"featured_media":0,"comment_status":"open","ping_status":"open","sticky":false,"template":"","format":"standard","meta":{"footnotes":""},"categories":[],"tags":[],"class_list":["post-223","post","type-post","status-publish","format-standard","hentry"],"_links":{"self":[{"href":"https:\/\/vfb1.de\/vfb\/wp-json\/wp\/v2\/posts\/223","targetHints":{"allow":["GET"]}}],"collection":[{"href":"https:\/\/vfb1.de\/vfb\/wp-json\/wp\/v2\/posts"}],"about":[{"href":"https:\/\/vfb1.de\/vfb\/wp-json\/wp\/v2\/types\/post"}],"author":[{"embeddable":true,"href":"https:\/\/vfb1.de\/vfb\/wp-json\/wp\/v2\/users\/2"}],"replies":[{"embeddable":true,"href":"https:\/\/vfb1.de\/vfb\/wp-json\/wp\/v2\/comments?post=223"}],"version-history":[{"count":0,"href":"https:\/\/vfb1.de\/vfb\/wp-json\/wp\/v2\/posts\/223\/revisions"}],"wp:attachment":[{"href":"https:\/\/vfb1.de\/vfb\/wp-json\/wp\/v2\/media?parent=223"}],"wp:term":[{"taxonomy":"category","embeddable":true,"href":"https:\/\/vfb1.de\/vfb\/wp-json\/wp\/v2\/categories?post=223"},{"taxonomy":"post_tag","embeddable":true,"href":"https:\/\/vfb1.de\/vfb\/wp-json\/wp\/v2\/tags?post=223"}],"curies":[{"name":"wp","href":"https:\/\/api.w.org\/{rel}","templated":true}]}}