{"id":221,"date":"2019-05-04T00:00:00","date_gmt":"2019-05-04T00:00:00","guid":{"rendered":"https:\/\/vfb1.de\/vfb\/2019\/05\/04\/vfb-stuttgart-verpasst-direkten-klassenerhalt\/"},"modified":"2019-05-04T00:00:00","modified_gmt":"2019-05-04T00:00:00","slug":"vfb-stuttgart-verpasst-direkten-klassenerhalt","status":"publish","type":"post","link":"https:\/\/vfb1.de\/vfb\/2019\/05\/04\/vfb-stuttgart-verpasst-direkten-klassenerhalt\/","title":{"rendered":"VfB Stuttgart verpasst direkten Klassenerhalt"},"content":{"rendered":"<p>Nichts zu sehen war von der Jagdmentalit\u00e4t, die Interimstrainer Nico Willig gefordert hatte. Die Chance zum direkten Klassenerhalt war gegeben, doch nach einer schwachen Vorstellung und einer klaren 1:3-Niederlage gegen Berlin muss sich der VfB Stuttgart nun auf das Erreichen der Relegation konzentrieren.<br \/>\n<br \/>In einer von beiden Seiten fahrig gef\u00fchrten Partie mit zahlreichen Fehlern im Aufbau verlegte sich der VfB auf die Defensivarbeit und brachte nach vorne nichts zustande. Es dauerte bis zur 40. Minute, ehe es zur ersten gef\u00e4hrlichen Torsituation kam. Und die nutzte ausgerechnet Ex-VfB-Profi Vedad Ibisevic f\u00fcr die Gastgeber. Zun\u00e4chst scheiterte Mathew Leckie v\u00f6llig freistehend mit einem Kopfball an VfB-Torh\u00fcter Ron-Robert Zieler. Doch nutzt Ibisevic den Abpralle, um zum 1:0 f\u00fcr Hertha abzustauben. In der Nachspielzeit der ersten H\u00e4lfte l\u00e4sst Zieler gegen Ibisevic abprallen und Ondrej Duda spielt den Abstauber zum 2:0.<br \/>\n<br \/>In der zweiten H\u00e4lfte wurde der VfB etwas offensiver, doch die Gastgeber hatten das Spiel und den Gegner jederzeit im Griff.Nach Vorarbeit durch den eingewechselten Javairo Dilrosun erh\u00f6ht Salomon Kalou in der 67. Minute auf 3:0. Der Anschlusstreffer von Mario Gomez nur drei Minuten sp\u00e4ter war letztlich nur Ergebniskosmetik. Nach sieben Spielen ohne Sieg war der VfB Stuttgart ein dankbares Opfer f\u00fcr die Hertha.<br \/>\n<br \/>Dank der Niederlagen von N\u00fcrnberg und Hannover hat der VfB weiterhin einen vermeintlich sicheren Vorsprung von f\u00fcnf und sechs Punkten bei noch zwei ausstehenden Spielen auf die direkten Abstiegspl\u00e4tze.<br \/>\n(cm)<\/p>\n","protected":false},"excerpt":{"rendered":"<p>Nichts zu sehen war von der Jagdmentalit\u00e4t, die Interimstrainer Nico Willig gefordert hatte. Die Chance zum direkten Klassenerhalt war gegeben,&hellip;<\/p>\n","protected":false},"author":2,"featured_media":0,"comment_status":"open","ping_status":"open","sticky":false,"template":"","format":"standard","meta":{"footnotes":""},"categories":[],"tags":[],"class_list":["post-221","post","type-post","status-publish","format-standard","hentry"],"_links":{"self":[{"href":"https:\/\/vfb1.de\/vfb\/wp-json\/wp\/v2\/posts\/221","targetHints":{"allow":["GET"]}}],"collection":[{"href":"https:\/\/vfb1.de\/vfb\/wp-json\/wp\/v2\/posts"}],"about":[{"href":"https:\/\/vfb1.de\/vfb\/wp-json\/wp\/v2\/types\/post"}],"author":[{"embeddable":true,"href":"https:\/\/vfb1.de\/vfb\/wp-json\/wp\/v2\/users\/2"}],"replies":[{"embeddable":true,"href":"https:\/\/vfb1.de\/vfb\/wp-json\/wp\/v2\/comments?post=221"}],"version-history":[{"count":0,"href":"https:\/\/vfb1.de\/vfb\/wp-json\/wp\/v2\/posts\/221\/revisions"}],"wp:attachment":[{"href":"https:\/\/vfb1.de\/vfb\/wp-json\/wp\/v2\/media?parent=221"}],"wp:term":[{"taxonomy":"category","embeddable":true,"href":"https:\/\/vfb1.de\/vfb\/wp-json\/wp\/v2\/categories?post=221"},{"taxonomy":"post_tag","embeddable":true,"href":"https:\/\/vfb1.de\/vfb\/wp-json\/wp\/v2\/tags?post=221"}],"curies":[{"name":"wp","href":"https:\/\/api.w.org\/{rel}","templated":true}]}}