{"id":220,"date":"2019-05-03T00:00:00","date_gmt":"2019-05-03T00:00:00","guid":{"rendered":"https:\/\/vfb1.de\/vfb\/2019\/05\/03\/vfb-stuttgart-gentner-zurueck-im-kader\/"},"modified":"2019-05-03T00:00:00","modified_gmt":"2019-05-03T00:00:00","slug":"vfb-stuttgart-gentner-zurueck-im-kader","status":"publish","type":"post","link":"https:\/\/vfb1.de\/vfb\/2019\/05\/03\/vfb-stuttgart-gentner-zurueck-im-kader\/","title":{"rendered":"VfB Stuttgart: Gentner zur\u00fcck im Kader"},"content":{"rendered":"<p>Gegen Hertha BSC Berlin hat der VfB Stuttgart die letzten beiden Bundesligabegegnungen gewonnen. Nach dem Erfolg gegen M\u00f6nchengladbach will Interimstrainer Nico Willig daher die Erfolgserlebnisse fortsetzen.<br \/>\n<br \/>\u0084Spielerisch war da nat\u00fcrlich noch Luft nach oben, aber wir haben gefightet und das ist die Basis\u0093, so Willig nach dem 1:0-Sieg gegen Gladbach. In Berlin erwartet Willig eine hart zu knackende Defensive: \u0084Daher m\u00fcssen wir ihren Rhythmus brechen und eine eigene Dynamik ins Spiel bringen.\u0093 Doch genau das fiel dem VfB zuletzt immens schwer.<br \/>\n<br \/>Willig verfolgt daher das Ziel, \u0084dass sich die Spieler auf ihren Positionen wohlf\u00fchlen und wissen, was zu tun ist \u0096 und dass wir wieder eine gewisse Jagdmentalit\u00e4t auf den Platz bekommen.\u0093 Nach seinem auskurierten Faserriss steht Kapit\u00e4n Christian Gentner wieder im Kader und k\u00f6nnte nach f\u00fcnf Wochen Pause wieder zum Einsatz kommen.<br \/>\n(jd)<\/p>\n","protected":false},"excerpt":{"rendered":"<p>Gegen Hertha BSC Berlin hat der VfB Stuttgart die letzten beiden Bundesligabegegnungen gewonnen. Nach dem Erfolg gegen M\u00f6nchengladbach will Interimstrainer&hellip;<\/p>\n","protected":false},"author":2,"featured_media":0,"comment_status":"open","ping_status":"open","sticky":false,"template":"","format":"standard","meta":{"footnotes":""},"categories":[],"tags":[],"class_list":["post-220","post","type-post","status-publish","format-standard","hentry"],"_links":{"self":[{"href":"https:\/\/vfb1.de\/vfb\/wp-json\/wp\/v2\/posts\/220","targetHints":{"allow":["GET"]}}],"collection":[{"href":"https:\/\/vfb1.de\/vfb\/wp-json\/wp\/v2\/posts"}],"about":[{"href":"https:\/\/vfb1.de\/vfb\/wp-json\/wp\/v2\/types\/post"}],"author":[{"embeddable":true,"href":"https:\/\/vfb1.de\/vfb\/wp-json\/wp\/v2\/users\/2"}],"replies":[{"embeddable":true,"href":"https:\/\/vfb1.de\/vfb\/wp-json\/wp\/v2\/comments?post=220"}],"version-history":[{"count":0,"href":"https:\/\/vfb1.de\/vfb\/wp-json\/wp\/v2\/posts\/220\/revisions"}],"wp:attachment":[{"href":"https:\/\/vfb1.de\/vfb\/wp-json\/wp\/v2\/media?parent=220"}],"wp:term":[{"taxonomy":"category","embeddable":true,"href":"https:\/\/vfb1.de\/vfb\/wp-json\/wp\/v2\/categories?post=220"},{"taxonomy":"post_tag","embeddable":true,"href":"https:\/\/vfb1.de\/vfb\/wp-json\/wp\/v2\/tags?post=220"}],"curies":[{"name":"wp","href":"https:\/\/api.w.org\/{rel}","templated":true}]}}