{"id":219,"date":"2019-05-02T00:00:00","date_gmt":"2019-05-02T00:00:00","guid":{"rendered":"https:\/\/vfb1.de\/vfb\/2019\/05\/02\/vfb-stuttgart-keine-personalsorgen\/"},"modified":"2019-05-02T00:00:00","modified_gmt":"2019-05-02T00:00:00","slug":"vfb-stuttgart-keine-personalsorgen","status":"publish","type":"post","link":"https:\/\/vfb1.de\/vfb\/2019\/05\/02\/vfb-stuttgart-keine-personalsorgen\/","title":{"rendered":"VfB Stuttgart: Keine Personalsorgen"},"content":{"rendered":"<p>Vor der Ausw\u00e4rtsbegegnung gegen Hertha BSC Berlin kann VfB-Interimstrainer Nico Willig nahezu aus dem Vollen sch\u00f6pfen. Personalsorgen plagen ihn im Endspurt der Bundesligasaison zum Gl\u00fcck nicht.<br \/>\n<br \/>Lediglich Pablo Maffeo, der aussortiert wurde, fehlte beim Training. Und Steven Zuber kuriert noch einen Innenbandanriss im Knie aus, steht aber bei gutem Heilungsverlauf zu m\u00f6glichen Relegationsspielen wieder bereit. Timo Baumgartl, Erik Thommy und David Kopacz haben mit dem VfB II in der Regionalliga weitere Spielpraxis gesammelt.<br \/>\n<br \/>Und nicht auf dem Platz herrscht reges Treiben. Hinter den Kulissen wird eifrig nach einem neuen Trainer gesucht. Ger\u00fcchten zufolge soll Tim Walter, Trainer von Holstein Kiel, ein Kandidat sein. Dessen Vertrag bei den Kielern l\u00e4uft noch bis 2020. Neben dem VfB sollen noch weitere Clubs Interesse angemeldet haben. Angeblich gab es bereits erste Gespr\u00e4che. Walter trainierte vor seiner Kieler Zeit die zweite Mannschaft und die U17-Truppe von Rekordmeister FC Bayern M\u00fcnchen. Nico Willig wird ab der kommenden Spielzeit wieder die A-Junioren des VfB Stuttgart \u00fcbernehmen.<br \/>\n(rf)<\/p>\n","protected":false},"excerpt":{"rendered":"<p>Vor der Ausw\u00e4rtsbegegnung gegen Hertha BSC Berlin kann VfB-Interimstrainer Nico Willig nahezu aus dem Vollen sch\u00f6pfen. Personalsorgen plagen ihn im&hellip;<\/p>\n","protected":false},"author":2,"featured_media":0,"comment_status":"open","ping_status":"open","sticky":false,"template":"","format":"standard","meta":{"footnotes":""},"categories":[],"tags":[],"class_list":["post-219","post","type-post","status-publish","format-standard","hentry"],"_links":{"self":[{"href":"https:\/\/vfb1.de\/vfb\/wp-json\/wp\/v2\/posts\/219","targetHints":{"allow":["GET"]}}],"collection":[{"href":"https:\/\/vfb1.de\/vfb\/wp-json\/wp\/v2\/posts"}],"about":[{"href":"https:\/\/vfb1.de\/vfb\/wp-json\/wp\/v2\/types\/post"}],"author":[{"embeddable":true,"href":"https:\/\/vfb1.de\/vfb\/wp-json\/wp\/v2\/users\/2"}],"replies":[{"embeddable":true,"href":"https:\/\/vfb1.de\/vfb\/wp-json\/wp\/v2\/comments?post=219"}],"version-history":[{"count":0,"href":"https:\/\/vfb1.de\/vfb\/wp-json\/wp\/v2\/posts\/219\/revisions"}],"wp:attachment":[{"href":"https:\/\/vfb1.de\/vfb\/wp-json\/wp\/v2\/media?parent=219"}],"wp:term":[{"taxonomy":"category","embeddable":true,"href":"https:\/\/vfb1.de\/vfb\/wp-json\/wp\/v2\/categories?post=219"},{"taxonomy":"post_tag","embeddable":true,"href":"https:\/\/vfb1.de\/vfb\/wp-json\/wp\/v2\/tags?post=219"}],"curies":[{"name":"wp","href":"https:\/\/api.w.org\/{rel}","templated":true}]}}