{"id":217,"date":"2019-04-29T00:00:00","date_gmt":"2019-04-29T00:00:00","guid":{"rendered":"https:\/\/vfb1.de\/vfb\/2019\/04\/29\/vfb-stuttgart-donis-schoepft-wieder-hoffnung\/"},"modified":"2019-04-29T00:00:00","modified_gmt":"2019-04-29T00:00:00","slug":"vfb-stuttgart-donis-schoepft-wieder-hoffnung","status":"publish","type":"post","link":"https:\/\/vfb1.de\/vfb\/2019\/04\/29\/vfb-stuttgart-donis-schoepft-wieder-hoffnung\/","title":{"rendered":"VfB Stuttgart: Donis sch\u00f6pft wieder Hoffnung"},"content":{"rendered":"<p>Anastasios Donis war der Matchwinner in der Partie gegen Borussia M\u00f6nchengladbach. Zuerst traf er nur den Pfosten, aber kurz danach ins Tor und sorgte damit f\u00fcr den entscheidenden Treffer und drei wichtige Punkte f\u00fcr den VfB. Gl\u00fcck hatte er zu Beginn, als sein Fehlpass dazu f\u00fchrte, dass VfB-Keeper Ron-Robert Zieler mit einer Glanzleistung den R\u00fcckstand verhinderte.<br \/>\n<br \/>Donis sch\u00f6pft unter dem neuen Trainer Nico Willig wieder Hoffnung, nachdem er unter dessen Vorg\u00e4nger Markus Weinzierl ausgemustert worden war. Schwankende Leistungen und Defizite in der Defensive kritisierten alle Coaches an dem jungen Griechen. \u0084Er hat eine brutale Qualit\u00e4t, wenn es um Schnelligkeit geht\u0093, attestiert aber auch VfB-Sportvorstand Thomas Hitzlsperger. &nbsp;<br \/>\n<br \/>Und darin sah Nico Willig wohl auch die Chance, als er Donis nach langer Zeit wieder f\u00fcr die Startelf ber\u00fccksichtigte. Willig habe das Gespr\u00e4ch mit ihm gesucht: \u0084Er hat mir gesagt, dass er mir vertraut.\u0093 Und das sei f\u00fcr ihn der Schl\u00fcssel zu seinem pers\u00f6nlichen Erfolg: \u0084Ich erwarte Kommunikation, vor allem mit den jungen Spielern, das ist das Wichtigste\u0093, wird Donis von einer Stuttgarter Tageszeitung zitiert. Damit kritisiert er nachtr\u00e4glich Weinzierl, der nicht sonderlich kommunikativ mit den Nachwuchsspielern umgegangen sei.<br \/>\n(rf)<\/p>\n","protected":false},"excerpt":{"rendered":"<p>Anastasios Donis war der Matchwinner in der Partie gegen Borussia M\u00f6nchengladbach. Zuerst traf er nur den Pfosten, aber kurz danach&hellip;<\/p>\n","protected":false},"author":2,"featured_media":0,"comment_status":"open","ping_status":"open","sticky":false,"template":"","format":"standard","meta":{"footnotes":""},"categories":[],"tags":[],"class_list":["post-217","post","type-post","status-publish","format-standard","hentry"],"_links":{"self":[{"href":"https:\/\/vfb1.de\/vfb\/wp-json\/wp\/v2\/posts\/217","targetHints":{"allow":["GET"]}}],"collection":[{"href":"https:\/\/vfb1.de\/vfb\/wp-json\/wp\/v2\/posts"}],"about":[{"href":"https:\/\/vfb1.de\/vfb\/wp-json\/wp\/v2\/types\/post"}],"author":[{"embeddable":true,"href":"https:\/\/vfb1.de\/vfb\/wp-json\/wp\/v2\/users\/2"}],"replies":[{"embeddable":true,"href":"https:\/\/vfb1.de\/vfb\/wp-json\/wp\/v2\/comments?post=217"}],"version-history":[{"count":0,"href":"https:\/\/vfb1.de\/vfb\/wp-json\/wp\/v2\/posts\/217\/revisions"}],"wp:attachment":[{"href":"https:\/\/vfb1.de\/vfb\/wp-json\/wp\/v2\/media?parent=217"}],"wp:term":[{"taxonomy":"category","embeddable":true,"href":"https:\/\/vfb1.de\/vfb\/wp-json\/wp\/v2\/categories?post=217"},{"taxonomy":"post_tag","embeddable":true,"href":"https:\/\/vfb1.de\/vfb\/wp-json\/wp\/v2\/tags?post=217"}],"curies":[{"name":"wp","href":"https:\/\/api.w.org\/{rel}","templated":true}]}}