{"id":214,"date":"2019-04-26T00:00:00","date_gmt":"2019-04-26T00:00:00","guid":{"rendered":"https:\/\/vfb1.de\/vfb\/2019\/04\/26\/vfb-stuttgart-schlammschlacht-hinter-den-kulissen\/"},"modified":"2019-04-26T00:00:00","modified_gmt":"2019-04-26T00:00:00","slug":"vfb-stuttgart-schlammschlacht-hinter-den-kulissen","status":"publish","type":"post","link":"https:\/\/vfb1.de\/vfb\/2019\/04\/26\/vfb-stuttgart-schlammschlacht-hinter-den-kulissen\/","title":{"rendered":"VfB Stuttgart: Schlammschlacht hinter den Kulissen"},"content":{"rendered":"<p>Auf dem Platz l\u00e4uft es f\u00fcr den VfB Stuttgart nicht rund. Da ist es klar, dass auch hinter den Kulissen Unruhe ausbricht. Aktuell liefern sich VfB-Aufsichtsrat Wilfried Porth und Guido Buchwald eine Schlammschlacht.<br \/>\n<br \/>Poth wirft Buchwald L\u00fcgen vor und kritisierte auch J\u00fcrgen Klinsmann: &quot;Es ist absolut legitim, Kritik zu \u00fcben und eine andere Auffassung zu haben. Guido Buchwald hatte aber keine andere Auffassung. Die hat er hinterher kreiert, nachdem es nicht lief. Ich habe ihm aber weder gesagt, er solle zur\u00fccktreten, noch dass er an der Krise des VfB schuld sei. Er hat das aber behauptet, was nachweislich falsch und nicht akzeptabel ist\u0093, wird er von einer Stuttgarter Tageszeitung zitiert.<br \/>\n<br \/>Im Februar trat Buchwald von allen \u00c4mtern zur\u00fcck, nachdem er behauptete, dass ihm eine Mitschuld an der sportlichen Misere gegeben worden sei. Klinsmann \u00e4u\u00dferte sich daraufhin, dass beim VfB zu viele Leute mitreden w\u00fcrden, die keine Ahnung von der Thematik h\u00e4tten.<br \/>\n<br \/>Das kontert Poth ebenfalls, der mit Klinsmann gesprochen habe: &quot;In diesen Unterhaltungen ist allerdings v\u00f6llig unklar geblieben, welchen konkreten Beitrag er zum Erfolg des VfB leisten kann und will &#8211; und vor allem: zu welchen Konditionen. Ganz ehrlich: Diese pauschale Verunglimpfung finde ich abenteuerlich.&quot;<br \/>\n(rf)<\/p>\n","protected":false},"excerpt":{"rendered":"<p>Auf dem Platz l\u00e4uft es f\u00fcr den VfB Stuttgart nicht rund. Da ist es klar, dass auch hinter den Kulissen&hellip;<\/p>\n","protected":false},"author":2,"featured_media":0,"comment_status":"open","ping_status":"open","sticky":false,"template":"","format":"standard","meta":{"footnotes":""},"categories":[],"tags":[],"class_list":["post-214","post","type-post","status-publish","format-standard","hentry"],"_links":{"self":[{"href":"https:\/\/vfb1.de\/vfb\/wp-json\/wp\/v2\/posts\/214","targetHints":{"allow":["GET"]}}],"collection":[{"href":"https:\/\/vfb1.de\/vfb\/wp-json\/wp\/v2\/posts"}],"about":[{"href":"https:\/\/vfb1.de\/vfb\/wp-json\/wp\/v2\/types\/post"}],"author":[{"embeddable":true,"href":"https:\/\/vfb1.de\/vfb\/wp-json\/wp\/v2\/users\/2"}],"replies":[{"embeddable":true,"href":"https:\/\/vfb1.de\/vfb\/wp-json\/wp\/v2\/comments?post=214"}],"version-history":[{"count":0,"href":"https:\/\/vfb1.de\/vfb\/wp-json\/wp\/v2\/posts\/214\/revisions"}],"wp:attachment":[{"href":"https:\/\/vfb1.de\/vfb\/wp-json\/wp\/v2\/media?parent=214"}],"wp:term":[{"taxonomy":"category","embeddable":true,"href":"https:\/\/vfb1.de\/vfb\/wp-json\/wp\/v2\/categories?post=214"},{"taxonomy":"post_tag","embeddable":true,"href":"https:\/\/vfb1.de\/vfb\/wp-json\/wp\/v2\/tags?post=214"}],"curies":[{"name":"wp","href":"https:\/\/api.w.org\/{rel}","templated":true}]}}