{"id":212,"date":"2019-04-24T00:00:00","date_gmt":"2019-04-24T00:00:00","guid":{"rendered":"https:\/\/vfb1.de\/vfb\/2019\/04\/24\/vfb-stuttgart-mit-gentner-ohne-ascacibar\/"},"modified":"2019-04-24T00:00:00","modified_gmt":"2019-04-24T00:00:00","slug":"vfb-stuttgart-mit-gentner-ohne-ascacibar","status":"publish","type":"post","link":"https:\/\/vfb1.de\/vfb\/2019\/04\/24\/vfb-stuttgart-mit-gentner-ohne-ascacibar\/","title":{"rendered":"VfB Stuttgart: Mit Gentner, ohne Ascacibar"},"content":{"rendered":"<p>Gute Nachrichten gibt es von VfB-Kapit\u00e4n Christian Gentner. Der 33-J\u00e4hrige hatte sich Ende M\u00e4rz gegen Eintracht Frankfurt einen Faserriss in der Wade zugezogen. Nun ist er wieder ins Mannschaftstraining zur\u00fcckgekehrt und k\u00f6nnte in der kommenden Begegnung des VfB gegen Borussia M\u00f6nchengladbach wieder zum Einsatz kommen.<br \/>\n<br \/>Ganz im Gegensatz zu Mittelfeldspieler Santiago Ascacibar, der nach seiner Spuck-Attacke auf Kai Havertz im Spiel gegen Leverkusen eine sechsw\u00f6chige Sperre aufgebrummt bekam. Der 22-J\u00e4hrige r\u00e4umt ein, einen \u0084Riesen-Fehler\u0093 gemacht zu haben und es als \u0084dumme Aktion\u0093 bezeichnet.<br \/>\n<br \/>\u0084Ich wollte Kai Havertz nicht treffen, nicht anspucken. Ich wollte neben ihn auf den Platz spucken\u0093, wird er von einer deutschen Tageszeitung zitiert. \u0084Im Eifer des Gefechts passieren manchmal Dinge, die nicht unseren wahren Charakter widerspiegeln. Ich habe in einem Moment falsch reagiert, auch weil die Situation insgesamt f\u00fcr den Verein sehr angespannt war. Ich habe meinem Frust freien Lauf gelassen, einen Fehler gemacht\u0093, so Ascacibar.<br \/>\n(rf)<\/p>\n","protected":false},"excerpt":{"rendered":"<p>Gute Nachrichten gibt es von VfB-Kapit\u00e4n Christian Gentner. Der 33-J\u00e4hrige hatte sich Ende M\u00e4rz gegen Eintracht Frankfurt einen Faserriss in&hellip;<\/p>\n","protected":false},"author":2,"featured_media":0,"comment_status":"open","ping_status":"open","sticky":false,"template":"","format":"standard","meta":{"footnotes":""},"categories":[],"tags":[],"class_list":["post-212","post","type-post","status-publish","format-standard","hentry"],"_links":{"self":[{"href":"https:\/\/vfb1.de\/vfb\/wp-json\/wp\/v2\/posts\/212","targetHints":{"allow":["GET"]}}],"collection":[{"href":"https:\/\/vfb1.de\/vfb\/wp-json\/wp\/v2\/posts"}],"about":[{"href":"https:\/\/vfb1.de\/vfb\/wp-json\/wp\/v2\/types\/post"}],"author":[{"embeddable":true,"href":"https:\/\/vfb1.de\/vfb\/wp-json\/wp\/v2\/users\/2"}],"replies":[{"embeddable":true,"href":"https:\/\/vfb1.de\/vfb\/wp-json\/wp\/v2\/comments?post=212"}],"version-history":[{"count":0,"href":"https:\/\/vfb1.de\/vfb\/wp-json\/wp\/v2\/posts\/212\/revisions"}],"wp:attachment":[{"href":"https:\/\/vfb1.de\/vfb\/wp-json\/wp\/v2\/media?parent=212"}],"wp:term":[{"taxonomy":"category","embeddable":true,"href":"https:\/\/vfb1.de\/vfb\/wp-json\/wp\/v2\/categories?post=212"},{"taxonomy":"post_tag","embeddable":true,"href":"https:\/\/vfb1.de\/vfb\/wp-json\/wp\/v2\/tags?post=212"}],"curies":[{"name":"wp","href":"https:\/\/api.w.org\/{rel}","templated":true}]}}