{"id":211,"date":"2019-04-23T00:00:00","date_gmt":"2019-04-23T00:00:00","guid":{"rendered":"https:\/\/vfb1.de\/vfb\/2019\/04\/23\/vfb-stuttgart-geruestet-fuer-den-abstieg\/"},"modified":"2019-04-23T00:00:00","modified_gmt":"2019-04-23T00:00:00","slug":"vfb-stuttgart-geruestet-fuer-den-abstieg","status":"publish","type":"post","link":"https:\/\/vfb1.de\/vfb\/2019\/04\/23\/vfb-stuttgart-geruestet-fuer-den-abstieg\/","title":{"rendered":"VfB Stuttgart: Ger\u00fcstet f\u00fcr den Abstieg"},"content":{"rendered":"<p>Wenn eine Mannschaft in die zweite Liga absteigt, wird der G\u00fcrtel enger geschnallt. Das verf\u00fcgbare Budget schrumpft durch die Mindereinnahmen zusammen und mancher Spieler muss unter Wert verkauft werden. Sollte der VfB Stuttgart zum dritten Mal in seiner Vereinsgeschichte absteigen, drohen diesmal zumindest keine gr\u00f6\u00dferen wirtschaftlichen Sch\u00e4den.<br \/>\u0084Auch bei einem Abstieg m\u00fcssten wir keine Notverk\u00e4ufe machen. Wir m\u00fcssten niemanden unter Wert abgeben wie beispielsweise Timo Werner vor drei Jahren. Das halte ich f\u00fcr eine wichtige Grundlage&quot;, wird VfB-Pr\u00e4sident Wolfgang Dietrich von einer Stuttgarter Tageszeitung zitiert.<br \/>\n<br \/>Nach wie vor ist unklar, wer als zweiter Gro\u00dfinvestor beim VfB einsteigen wird \u0096 und ob dies \u00fcberhaupt im Falle eiens Abstiegs zu bewerkstelligen ist. Dietrich gibt sich vorsichtig optimistisch, &quot;bis 30. Juni den zweiten Investor zu finden. Ich gehe davon aus, dass wir das hinkriegen. Wir werden nicht unter unserer Bewertung verkaufen, durch die aktuelle sportliche Situation ist alles aber nicht einfacher geworden.&quot;<br \/>\n<br \/>Vor der Saison hie\u00df es zwar noch, der VfB habe nichts mit den Abstiegspl\u00e4tze zu tun und die Qualit\u00e4t des Kaders sei mehr als ausreichend f\u00fcr einen guten Platz im Mittelfeld. Diese Einsch\u00e4tzung erwies sich mittlerweile als v\u00f6llig falsch. Am Fernziel, den VfB bis 2022 im oberen Drittel der Bundesliga zu etablieren, will Dietrich dennoch nicht r\u00fctteln.<br \/>\n(jd)<\/p>\n","protected":false},"excerpt":{"rendered":"<p>Wenn eine Mannschaft in die zweite Liga absteigt, wird der G\u00fcrtel enger geschnallt. Das verf\u00fcgbare Budget schrumpft durch die Mindereinnahmen&hellip;<\/p>\n","protected":false},"author":2,"featured_media":0,"comment_status":"open","ping_status":"open","sticky":false,"template":"","format":"standard","meta":{"footnotes":""},"categories":[],"tags":[],"class_list":["post-211","post","type-post","status-publish","format-standard","hentry"],"_links":{"self":[{"href":"https:\/\/vfb1.de\/vfb\/wp-json\/wp\/v2\/posts\/211","targetHints":{"allow":["GET"]}}],"collection":[{"href":"https:\/\/vfb1.de\/vfb\/wp-json\/wp\/v2\/posts"}],"about":[{"href":"https:\/\/vfb1.de\/vfb\/wp-json\/wp\/v2\/types\/post"}],"author":[{"embeddable":true,"href":"https:\/\/vfb1.de\/vfb\/wp-json\/wp\/v2\/users\/2"}],"replies":[{"embeddable":true,"href":"https:\/\/vfb1.de\/vfb\/wp-json\/wp\/v2\/comments?post=211"}],"version-history":[{"count":0,"href":"https:\/\/vfb1.de\/vfb\/wp-json\/wp\/v2\/posts\/211\/revisions"}],"wp:attachment":[{"href":"https:\/\/vfb1.de\/vfb\/wp-json\/wp\/v2\/media?parent=211"}],"wp:term":[{"taxonomy":"category","embeddable":true,"href":"https:\/\/vfb1.de\/vfb\/wp-json\/wp\/v2\/categories?post=211"},{"taxonomy":"post_tag","embeddable":true,"href":"https:\/\/vfb1.de\/vfb\/wp-json\/wp\/v2\/tags?post=211"}],"curies":[{"name":"wp","href":"https:\/\/api.w.org\/{rel}","templated":true}]}}