{"id":210,"date":"2019-04-22T00:00:00","date_gmt":"2019-04-22T00:00:00","guid":{"rendered":"https:\/\/vfb1.de\/vfb\/2019\/04\/22\/vfb-stuttgart-buchwald-teilt-aus\/"},"modified":"2019-04-22T00:00:00","modified_gmt":"2019-04-22T00:00:00","slug":"vfb-stuttgart-buchwald-teilt-aus","status":"publish","type":"post","link":"https:\/\/vfb1.de\/vfb\/2019\/04\/22\/vfb-stuttgart-buchwald-teilt-aus\/","title":{"rendered":"VfB Stuttgart: Buchwald teilt aus"},"content":{"rendered":"<p>Guido Buchwald z\u00e4hlt zu den Spielerlegenden des VfB Stuttgart. Aus dem Aufsichtsrat war er zu Beginn des Jahres unr\u00fchmlich ausgeschieden, nachdem er angeblich Interna nach au\u00dfen getragen haben soll. In einer TV-Sendung \u00fcbte er nun scharfe Kritik am mittlerweile entlassenen VfB-Sportvorstand Michael Reschke.<br \/>\n<br \/>Die \u0084unterirdische\u0093 Leistung gegen Augsburg sei typisch f\u00fcr die Entwicklung des Vereins: &quot;Man hat im vergangenen Jahr trotz aller Warnungen nicht auf die Misere reagiert und nur schlecht in den Kader investiert. Die ganze Kaderplanung war einfach schlecht.&quot;<br \/>\n<br \/>Damit spielt er auf 30 Millionen Euro an, die Reschke unter anderem in Spieler wie Pablo Maffeo investierte, der kaum zum Einsatz kam und schon wieder aussortiert wurde: &quot;Der Teamspirit fehlt total. Das sind in den letzten Jahren viele, viele Fehler gemacht worden.&quot;<br \/>\n<br \/>VfB-Pr\u00e4sident Wolfgang Dietrich zeigt sich von der Situation ebenfalls entt\u00e4uscht: \u0084So frustriert wie gestern bin ich noch nie gewesen in meinen bald drei Jahren als Pr\u00e4sident\u0093. Erneut schloss er aber einen vorzeitigen R\u00fccktritt aus.<br \/>\n(cm)<\/p>\n","protected":false},"excerpt":{"rendered":"<p>Guido Buchwald z\u00e4hlt zu den Spielerlegenden des VfB Stuttgart. Aus dem Aufsichtsrat war er zu Beginn des Jahres unr\u00fchmlich ausgeschieden,&hellip;<\/p>\n","protected":false},"author":2,"featured_media":0,"comment_status":"open","ping_status":"open","sticky":false,"template":"","format":"standard","meta":{"footnotes":""},"categories":[],"tags":[],"class_list":["post-210","post","type-post","status-publish","format-standard","hentry"],"_links":{"self":[{"href":"https:\/\/vfb1.de\/vfb\/wp-json\/wp\/v2\/posts\/210","targetHints":{"allow":["GET"]}}],"collection":[{"href":"https:\/\/vfb1.de\/vfb\/wp-json\/wp\/v2\/posts"}],"about":[{"href":"https:\/\/vfb1.de\/vfb\/wp-json\/wp\/v2\/types\/post"}],"author":[{"embeddable":true,"href":"https:\/\/vfb1.de\/vfb\/wp-json\/wp\/v2\/users\/2"}],"replies":[{"embeddable":true,"href":"https:\/\/vfb1.de\/vfb\/wp-json\/wp\/v2\/comments?post=210"}],"version-history":[{"count":0,"href":"https:\/\/vfb1.de\/vfb\/wp-json\/wp\/v2\/posts\/210\/revisions"}],"wp:attachment":[{"href":"https:\/\/vfb1.de\/vfb\/wp-json\/wp\/v2\/media?parent=210"}],"wp:term":[{"taxonomy":"category","embeddable":true,"href":"https:\/\/vfb1.de\/vfb\/wp-json\/wp\/v2\/categories?post=210"},{"taxonomy":"post_tag","embeddable":true,"href":"https:\/\/vfb1.de\/vfb\/wp-json\/wp\/v2\/tags?post=210"}],"curies":[{"name":"wp","href":"https:\/\/api.w.org\/{rel}","templated":true}]}}