{"id":208,"date":"2019-04-21T00:00:00","date_gmt":"2019-04-21T00:00:00","guid":{"rendered":"https:\/\/vfb1.de\/vfb\/2019\/04\/21\/vfb-stuttgart-zieht-notbremse\/"},"modified":"2019-04-21T00:00:00","modified_gmt":"2019-04-21T00:00:00","slug":"vfb-stuttgart-zieht-notbremse","status":"publish","type":"post","link":"https:\/\/vfb1.de\/vfb\/2019\/04\/21\/vfb-stuttgart-zieht-notbremse\/","title":{"rendered":"VfB Stuttgart zieht Notbremse"},"content":{"rendered":"<p>Es war nur eine Frage der Zeit, bis auch Markus Weinzierl seinen Job als Trainer los sein wird. Mit dem schlechtesten Punkteschnitt aller bisheriger VfB-Trainer erlebte er mit dem 0:6-Debakel gegen Augsburg einen neuerlichen Tiefpunkt. Vier Spieltage vor Saisonende zieht der VfB die Notbremse und trennt sich von Weinzierl.<br \/>\n<br \/>Laut Meldung des Vereins \u00fcbernimmt der bisherige U19-Trainer Nico Willig als Interimstrainer die Mannschaft. Co-Trainer Wolfgang Beller, der Athletiktrainer Thomas Barth sowie der Individualtrainer Halil Altintop wurden ebenfalls von ihren Aufgaben entbunden.<br \/>\n<br \/>VfB-Sportvorstand Thomas Hitzlsperger lie\u00df vor wenigen Tagen noch verlauten, dass er mit Weinzierl bis zum Ende der Saison zusammenzuarbeiten gedenkt. Die letzte Niederlage sorgte f\u00fcr ein Umdenken: \u0084Nach dem \u00fcberaus entt\u00e4uschenden Spiel in Augsburg sind wir aber zu der \u00dcberzeugung gekommen, dass wir die Situation neu bewerten m\u00fcssen und ein klarer Schnitt zwingend notwendig ist, um den Ligaverbleib zu schaffen.\u0093<br \/>\n(jd)<\/p>\n","protected":false},"excerpt":{"rendered":"<p>Es war nur eine Frage der Zeit, bis auch Markus Weinzierl seinen Job als Trainer los sein wird. Mit dem&hellip;<\/p>\n","protected":false},"author":2,"featured_media":0,"comment_status":"open","ping_status":"open","sticky":false,"template":"","format":"standard","meta":{"footnotes":""},"categories":[],"tags":[],"class_list":["post-208","post","type-post","status-publish","format-standard","hentry"],"_links":{"self":[{"href":"https:\/\/vfb1.de\/vfb\/wp-json\/wp\/v2\/posts\/208","targetHints":{"allow":["GET"]}}],"collection":[{"href":"https:\/\/vfb1.de\/vfb\/wp-json\/wp\/v2\/posts"}],"about":[{"href":"https:\/\/vfb1.de\/vfb\/wp-json\/wp\/v2\/types\/post"}],"author":[{"embeddable":true,"href":"https:\/\/vfb1.de\/vfb\/wp-json\/wp\/v2\/users\/2"}],"replies":[{"embeddable":true,"href":"https:\/\/vfb1.de\/vfb\/wp-json\/wp\/v2\/comments?post=208"}],"version-history":[{"count":0,"href":"https:\/\/vfb1.de\/vfb\/wp-json\/wp\/v2\/posts\/208\/revisions"}],"wp:attachment":[{"href":"https:\/\/vfb1.de\/vfb\/wp-json\/wp\/v2\/media?parent=208"}],"wp:term":[{"taxonomy":"category","embeddable":true,"href":"https:\/\/vfb1.de\/vfb\/wp-json\/wp\/v2\/categories?post=208"},{"taxonomy":"post_tag","embeddable":true,"href":"https:\/\/vfb1.de\/vfb\/wp-json\/wp\/v2\/tags?post=208"}],"curies":[{"name":"wp","href":"https:\/\/api.w.org\/{rel}","templated":true}]}}