{"id":206,"date":"2019-04-19T00:00:00","date_gmt":"2019-04-19T00:00:00","guid":{"rendered":"https:\/\/vfb1.de\/vfb\/2019\/04\/19\/vfb-stuttgart-spanier-sind-heiss-auf-kabak\/"},"modified":"2019-04-19T00:00:00","modified_gmt":"2019-04-19T00:00:00","slug":"vfb-stuttgart-spanier-sind-heiss-auf-kabak","status":"publish","type":"post","link":"https:\/\/vfb1.de\/vfb\/2019\/04\/19\/vfb-stuttgart-spanier-sind-heiss-auf-kabak\/","title":{"rendered":"VfB Stuttgart: Spanier sind hei\u00df auf Kabak"},"content":{"rendered":"<p>Wie vfb1.de bereits berichtet hat, bastelt der neue Sportdirektor des VfB Stuttgart Sven Mislintat am neuen Kader f\u00fcr die kommende Saison \u0096 unabh\u00e4ngig davon, ob der VfB den Klassenerhalt schafft oder absteigt. Ob zur Streichliste nun auch noch ein Abgang von Shootingstar Ozan Kabak verkraftet werden muss?<br \/>\n<br \/>Laut Bericht eines Bezahlsenders ist angeblich Atletico Madrid bereit, 30 bis 40 Millionen Euro f\u00fcr den Innenverteidiger auf den Tisch zu legen. 35 Millionen Euro nimmt der VfB bereits durch den Verkauf von Benjamin Pavard an den FC Bayern nach Saisonende ein. Im Falle eines Abstiegs k\u00f6nnten diese Summen aber kaum investiert werden, denn sie w\u00fcrden als Kompensation f\u00fcr die Mindereinnahmen dienen, welche in der zweiten Liga drohen.<br \/>\n<br \/>Die Verschlankung des Kaders betrifft nach Bericht eines deutschen Branchenblattes voraussichtlich Kapit\u00e4n Christian Gentner und die Routiniers Andreas Beck, Dennis Aogo, Mario Gomez und Holger Badstuber. Mit Neuzugang Pablo Maffeo plant der Verein offenbar nicht mehr. Auf der Kippe stehen anscheinend Emiliano Insua, Anastasios Donis und Chadrac Akolo.<br \/>\n(rf)<\/p>\n","protected":false},"excerpt":{"rendered":"<p>Wie vfb1.de bereits berichtet hat, bastelt der neue Sportdirektor des VfB Stuttgart Sven Mislintat am neuen Kader f\u00fcr die kommende&hellip;<\/p>\n","protected":false},"author":2,"featured_media":0,"comment_status":"open","ping_status":"open","sticky":false,"template":"","format":"standard","meta":{"footnotes":""},"categories":[],"tags":[],"class_list":["post-206","post","type-post","status-publish","format-standard","hentry"],"_links":{"self":[{"href":"https:\/\/vfb1.de\/vfb\/wp-json\/wp\/v2\/posts\/206","targetHints":{"allow":["GET"]}}],"collection":[{"href":"https:\/\/vfb1.de\/vfb\/wp-json\/wp\/v2\/posts"}],"about":[{"href":"https:\/\/vfb1.de\/vfb\/wp-json\/wp\/v2\/types\/post"}],"author":[{"embeddable":true,"href":"https:\/\/vfb1.de\/vfb\/wp-json\/wp\/v2\/users\/2"}],"replies":[{"embeddable":true,"href":"https:\/\/vfb1.de\/vfb\/wp-json\/wp\/v2\/comments?post=206"}],"version-history":[{"count":0,"href":"https:\/\/vfb1.de\/vfb\/wp-json\/wp\/v2\/posts\/206\/revisions"}],"wp:attachment":[{"href":"https:\/\/vfb1.de\/vfb\/wp-json\/wp\/v2\/media?parent=206"}],"wp:term":[{"taxonomy":"category","embeddable":true,"href":"https:\/\/vfb1.de\/vfb\/wp-json\/wp\/v2\/categories?post=206"},{"taxonomy":"post_tag","embeddable":true,"href":"https:\/\/vfb1.de\/vfb\/wp-json\/wp\/v2\/tags?post=206"}],"curies":[{"name":"wp","href":"https:\/\/api.w.org\/{rel}","templated":true}]}}