{"id":205,"date":"2019-04-18T00:00:00","date_gmt":"2019-04-18T00:00:00","guid":{"rendered":"https:\/\/vfb1.de\/vfb\/2019\/04\/18\/vfb-stuttgart-weinzierl-platzt-der-kragen\/"},"modified":"2019-04-18T00:00:00","modified_gmt":"2019-04-18T00:00:00","slug":"vfb-stuttgart-weinzierl-platzt-der-kragen","status":"publish","type":"post","link":"https:\/\/vfb1.de\/vfb\/2019\/04\/18\/vfb-stuttgart-weinzierl-platzt-der-kragen\/","title":{"rendered":"VfB Stuttgart: Weinzierl platzt der Kragen"},"content":{"rendered":"<p>Der VfB Stuttgart hat viele Trainer in den letzten Jahren verschlissen. Sportlich glichen die vergangenen Spielzeiten einer Achterbahn. Entsprechend \u00e4u\u00dferten sich die Trainer, wenn von au\u00dfen Kritik ge\u00fcbt wurde. Nach legend\u00e4ren Wut-Reden von Bruno Labbadia oder \u00f6ffentlicher Spielerschelte von Huub Stevens, kn\u00f6pfte sich der aktuelle VfB-Trainer Markus Weinzierl nun die Medien vor.<br \/>\n<br \/>\u0084Wenn ich im Zusammenhang mit Ascacibar lesen muss, der Trainer hat seine Spieler nicht im Griff, dann ist irgendwann auch mal Schluss. Bin ich eigentlich an allem schuld? Bin ich schuld, dass wir vorne die Tore nicht machen und dass wir hinten Fehler machen\u0093, machte er seinem \u00c4rger Luft. Er vermisse ganz allgemein den Respekt vor Trainern.<br \/>\n<br \/>Wo Weinzierl diesen Vorwurf gelesen haben mag, lie\u00df er offen. Auch wenn er versicherte, dass sein Rundumschlag nichts mit D\u00fcnnh\u00e4utigkeit zu tun habe, so spricht sie doch f\u00fcr die angespannte Lage der Mannschaft. Er habe seine selbstgesteckten Ziele nicht erreicht und statt erfolgreichem, offensivem Fu\u00dfball eine Pleite nach der anderen pr\u00e4sentiert. Ge\u00e4ndert hat sich allerdings nach dieser Erkenntnis im Spiel des VfB wenig. Harmlose Offensive, Routiniers au\u00dfer Form und verletzungsbedingte Ausf\u00e4lle trugen zur anhaltenden Misere bei.<br \/>\n<br \/>VfB-Sportvorstand Thomas Hitzlsperger gab zwar an, mit Weinzierl bis zum Saisonende zusammenarbeiten zu wollen. Doch bei einer Niederlage gegen Augsburg, d\u00fcrfte bei einem Trainer mit dem schlechtesten Punktschnitt aller Zeiten selbst die Relegation in Gefahr sein.<br \/>\n(cm)<\/p>\n","protected":false},"excerpt":{"rendered":"<p>Der VfB Stuttgart hat viele Trainer in den letzten Jahren verschlissen. Sportlich glichen die vergangenen Spielzeiten einer Achterbahn. Entsprechend \u00e4u\u00dferten&hellip;<\/p>\n","protected":false},"author":2,"featured_media":0,"comment_status":"open","ping_status":"open","sticky":false,"template":"","format":"standard","meta":{"footnotes":""},"categories":[],"tags":[],"class_list":["post-205","post","type-post","status-publish","format-standard","hentry"],"_links":{"self":[{"href":"https:\/\/vfb1.de\/vfb\/wp-json\/wp\/v2\/posts\/205","targetHints":{"allow":["GET"]}}],"collection":[{"href":"https:\/\/vfb1.de\/vfb\/wp-json\/wp\/v2\/posts"}],"about":[{"href":"https:\/\/vfb1.de\/vfb\/wp-json\/wp\/v2\/types\/post"}],"author":[{"embeddable":true,"href":"https:\/\/vfb1.de\/vfb\/wp-json\/wp\/v2\/users\/2"}],"replies":[{"embeddable":true,"href":"https:\/\/vfb1.de\/vfb\/wp-json\/wp\/v2\/comments?post=205"}],"version-history":[{"count":0,"href":"https:\/\/vfb1.de\/vfb\/wp-json\/wp\/v2\/posts\/205\/revisions"}],"wp:attachment":[{"href":"https:\/\/vfb1.de\/vfb\/wp-json\/wp\/v2\/media?parent=205"}],"wp:term":[{"taxonomy":"category","embeddable":true,"href":"https:\/\/vfb1.de\/vfb\/wp-json\/wp\/v2\/categories?post=205"},{"taxonomy":"post_tag","embeddable":true,"href":"https:\/\/vfb1.de\/vfb\/wp-json\/wp\/v2\/tags?post=205"}],"curies":[{"name":"wp","href":"https:\/\/api.w.org\/{rel}","templated":true}]}}