{"id":201,"date":"2019-04-14T00:00:00","date_gmt":"2019-04-14T00:00:00","guid":{"rendered":"https:\/\/vfb1.de\/vfb\/2019\/04\/14\/vfb-stuttgart-drohen-ascacibar-konsequenzen\/"},"modified":"2019-04-14T00:00:00","modified_gmt":"2019-04-14T00:00:00","slug":"vfb-stuttgart-drohen-ascacibar-konsequenzen","status":"publish","type":"post","link":"https:\/\/vfb1.de\/vfb\/2019\/04\/14\/vfb-stuttgart-drohen-ascacibar-konsequenzen\/","title":{"rendered":"VfB Stuttgart: Drohen Ascacibar Konsequenzen?"},"content":{"rendered":"<p>Wie blank die Nerven beim VfB Stuttgart wirklich liegen, zeigte das 0:1 gegen Bayer Leverkusen in der heimischen Mercedes-Benz Arena. Der Mannschaft fehlte es an der Spritzigkeit und Effektivit\u00e4t nach vorne. Ex-Bayer-Profi Gonzalo Castro verursachte einen Foulelfmeter, der letztlich spielentscheidend war. Und Santiago Ascacibar sah die Rote Karte, nachdem er Kai Havertz anspuckte. VfB-Trainer Markus Weinzierl ist dementsprechend sauer.<br \/>\n<br \/>&quot;Das geht nat\u00fcrlich gar nicht. Er hat der Mannschaft einen B\u00e4rendienst erwiesen. Er muss seine Emotionen im Griff haben&quot;, \u00e4u\u00dferte sich Weinzierl nach der Partie. Ob Ascacibar von Vereinsseite mit Konsequenzen zu rechnen hat, wird sich noch zeigen. Der Argentinier versuchte nach der Spuckattacke gar noch, den Gegenspieler ins Gesicht zu schlagen. &quot;Solche Leute braucht man in der Bundesliga nicht&quot;, wird Bayer-Angreifer Kevin Volland dazu zitiert.<br \/>\n<br \/>Mit dem Spiel selbst war Weinzierl ebenfalls nicht zufrieden: \u0084Offensiv war es zu wenig. Wenn man Kontersituationen hat, muss man diese besser zu Ende spielen und insgesamt effektiver agieren.\u0093 VfB-Keeper Ron-Robert Zieler bringt es auf den Punkt: \u0084Angesichts des Zeitpunkts und der Tabellensituation ist das Spiel n\u00e4chste Woche in Augsburg brutal wichtig f\u00fcr uns.\u0093<br \/>\n(cm)<\/p>\n","protected":false},"excerpt":{"rendered":"<p>Wie blank die Nerven beim VfB Stuttgart wirklich liegen, zeigte das 0:1 gegen Bayer Leverkusen in der heimischen Mercedes-Benz Arena.&hellip;<\/p>\n","protected":false},"author":2,"featured_media":0,"comment_status":"open","ping_status":"open","sticky":false,"template":"","format":"standard","meta":{"footnotes":""},"categories":[],"tags":[],"class_list":["post-201","post","type-post","status-publish","format-standard","hentry"],"_links":{"self":[{"href":"https:\/\/vfb1.de\/vfb\/wp-json\/wp\/v2\/posts\/201","targetHints":{"allow":["GET"]}}],"collection":[{"href":"https:\/\/vfb1.de\/vfb\/wp-json\/wp\/v2\/posts"}],"about":[{"href":"https:\/\/vfb1.de\/vfb\/wp-json\/wp\/v2\/types\/post"}],"author":[{"embeddable":true,"href":"https:\/\/vfb1.de\/vfb\/wp-json\/wp\/v2\/users\/2"}],"replies":[{"embeddable":true,"href":"https:\/\/vfb1.de\/vfb\/wp-json\/wp\/v2\/comments?post=201"}],"version-history":[{"count":0,"href":"https:\/\/vfb1.de\/vfb\/wp-json\/wp\/v2\/posts\/201\/revisions"}],"wp:attachment":[{"href":"https:\/\/vfb1.de\/vfb\/wp-json\/wp\/v2\/media?parent=201"}],"wp:term":[{"taxonomy":"category","embeddable":true,"href":"https:\/\/vfb1.de\/vfb\/wp-json\/wp\/v2\/categories?post=201"},{"taxonomy":"post_tag","embeddable":true,"href":"https:\/\/vfb1.de\/vfb\/wp-json\/wp\/v2\/tags?post=201"}],"curies":[{"name":"wp","href":"https:\/\/api.w.org\/{rel}","templated":true}]}}