{"id":200,"date":"2019-04-13T00:00:00","date_gmt":"2019-04-13T00:00:00","guid":{"rendered":"https:\/\/vfb1.de\/vfb\/2019\/04\/13\/vfb-stuttgart-verliert-nach-foulelfmeter\/"},"modified":"2019-04-13T00:00:00","modified_gmt":"2019-04-13T00:00:00","slug":"vfb-stuttgart-verliert-nach-foulelfmeter","status":"publish","type":"post","link":"https:\/\/vfb1.de\/vfb\/2019\/04\/13\/vfb-stuttgart-verliert-nach-foulelfmeter\/","title":{"rendered":"VfB Stuttgart verliert nach Foulelfmeter"},"content":{"rendered":"<p>Der VfB Stuttgart hat wieder nicht gepunktet. Gegen Bayer Leverkusen kassiert der VfB in der heimischen Mercedes-Benz Arena nach einem Tor durch Foulelfmeter eine 0:1-Niederlage. Zu allem \u00dcberfluss sieht Santiago Ascacibar, der nach einer Gelbsperre wieder zum Einsatz kam, in der Nachspielzeit die Rote Karte.<br \/>\n<br \/>In der ersten H\u00e4lfte h\u00e4lt der VfB die Partie gegen die G\u00e4ste aus Leverkusen offen. In der 16. Minute pariert Bayers Torh\u00fcter Lukas Hradecka einen Schuss von Alexander Esswein. Die G\u00e4ste haben zwar mehr Ballbesitz, doch der VfB steht in den Abwehrreihen sicher, sodass sich auch Leverkusen in der Offensive keine zwingenden Chancen erarbeiten kann. Erst kurz vor dem Pausenpfiff wird es gef\u00e4hrlich f\u00fcr den VfB. Doch Keeper Ron-Robert Zieler kann einen Schuss aus 14 Metern von Kevin Volland abwehren.<br \/>\n<br \/>In der zweiten H\u00e4lfte wirken die Aktionen der Leverkusener griffiger. In der 53. Minute k\u00f6pft Volland den Ball knapp am Stuttgarter Tor vorbei. In der 64. Minute wird Volland von Gonzalo Castro regelwidrig gestoppt. Den f\u00e4lligen Elfmeter verwandelt Kai Havertz zum 1:0 f\u00fcr Leverkusen. Knapp zehn Minuten darauf kl\u00e4rt Zieler erneut gegen Volland. Der VfB rennt dem R\u00fcckstand vergeblich hinterher und verliert knapp. In der 93. Minute sieht Ascacibar zudem noch die Rote Karte. Damit wird es f\u00fcr den VfB immer enger und die Hoffnung auf den direkten Klassenerhalt schwindet zusehends.<br \/>\n(rf)<\/p>\n","protected":false},"excerpt":{"rendered":"<p>Der VfB Stuttgart hat wieder nicht gepunktet. Gegen Bayer Leverkusen kassiert der VfB in der heimischen Mercedes-Benz Arena nach einem&hellip;<\/p>\n","protected":false},"author":2,"featured_media":0,"comment_status":"open","ping_status":"open","sticky":false,"template":"","format":"standard","meta":{"footnotes":""},"categories":[],"tags":[],"class_list":["post-200","post","type-post","status-publish","format-standard","hentry"],"_links":{"self":[{"href":"https:\/\/vfb1.de\/vfb\/wp-json\/wp\/v2\/posts\/200","targetHints":{"allow":["GET"]}}],"collection":[{"href":"https:\/\/vfb1.de\/vfb\/wp-json\/wp\/v2\/posts"}],"about":[{"href":"https:\/\/vfb1.de\/vfb\/wp-json\/wp\/v2\/types\/post"}],"author":[{"embeddable":true,"href":"https:\/\/vfb1.de\/vfb\/wp-json\/wp\/v2\/users\/2"}],"replies":[{"embeddable":true,"href":"https:\/\/vfb1.de\/vfb\/wp-json\/wp\/v2\/comments?post=200"}],"version-history":[{"count":0,"href":"https:\/\/vfb1.de\/vfb\/wp-json\/wp\/v2\/posts\/200\/revisions"}],"wp:attachment":[{"href":"https:\/\/vfb1.de\/vfb\/wp-json\/wp\/v2\/media?parent=200"}],"wp:term":[{"taxonomy":"category","embeddable":true,"href":"https:\/\/vfb1.de\/vfb\/wp-json\/wp\/v2\/categories?post=200"},{"taxonomy":"post_tag","embeddable":true,"href":"https:\/\/vfb1.de\/vfb\/wp-json\/wp\/v2\/tags?post=200"}],"curies":[{"name":"wp","href":"https:\/\/api.w.org\/{rel}","templated":true}]}}