{"id":195,"date":"2019-04-08T00:00:00","date_gmt":"2019-04-08T00:00:00","guid":{"rendered":"https:\/\/vfb1.de\/vfb\/2019\/04\/08\/vfb-stuttgart-maffeo-hat-ausgespielt\/"},"modified":"2019-04-08T00:00:00","modified_gmt":"2019-04-08T00:00:00","slug":"vfb-stuttgart-maffeo-hat-ausgespielt","status":"publish","type":"post","link":"https:\/\/vfb1.de\/vfb\/2019\/04\/08\/vfb-stuttgart-maffeo-hat-ausgespielt\/","title":{"rendered":"VfB Stuttgart: Maffeo hat ausgespielt"},"content":{"rendered":"<p>Er war mit neun Millionen Euro in der vorigen Saison der teuerste Transfer in der Geschichte des VfB Stuttgart und entpuppt sich nun als teuerstes Missverst\u00e4ndnis: Pablo Maffeo wurde aus dem Kader ausgeschlossen und vom Rest der Mannschaft getrennt.<br \/>\n<br \/>Nachdem er weder Trainingsflei\u00df, noch ansatzweise Ehrgeiz oder den Willen erkennen lie\u00df, seiner Arbeit auch nur in Grundz\u00fcgen nachzukommen, soll er nun verkauft werden. Allerdings hat sich seine mangelnde Arbeitsauffassung herumgesprochen und K\u00e4ufer d\u00fcrften kaum zu finden sein.<br \/>\n<br \/>Im Winter sollte er verliehen werden. Doch scheiterten damals die Verhandlungen, weil kein Verein bereit war, die finanziellen Vorstellungen des VfB zu bedienen. Nun k\u00f6nnte der VfB bei einem Verkauf ordentlich drauflegen, denn der Marktwert des spanischen U21-Nationalspielers ist dramatisch gesunken.<br \/>\n(rf)<\/p>\n","protected":false},"excerpt":{"rendered":"<p>Er war mit neun Millionen Euro in der vorigen Saison der teuerste Transfer in der Geschichte des VfB Stuttgart und&hellip;<\/p>\n","protected":false},"author":2,"featured_media":0,"comment_status":"open","ping_status":"open","sticky":false,"template":"","format":"standard","meta":{"footnotes":""},"categories":[],"tags":[],"class_list":["post-195","post","type-post","status-publish","format-standard","hentry"],"_links":{"self":[{"href":"https:\/\/vfb1.de\/vfb\/wp-json\/wp\/v2\/posts\/195","targetHints":{"allow":["GET"]}}],"collection":[{"href":"https:\/\/vfb1.de\/vfb\/wp-json\/wp\/v2\/posts"}],"about":[{"href":"https:\/\/vfb1.de\/vfb\/wp-json\/wp\/v2\/types\/post"}],"author":[{"embeddable":true,"href":"https:\/\/vfb1.de\/vfb\/wp-json\/wp\/v2\/users\/2"}],"replies":[{"embeddable":true,"href":"https:\/\/vfb1.de\/vfb\/wp-json\/wp\/v2\/comments?post=195"}],"version-history":[{"count":0,"href":"https:\/\/vfb1.de\/vfb\/wp-json\/wp\/v2\/posts\/195\/revisions"}],"wp:attachment":[{"href":"https:\/\/vfb1.de\/vfb\/wp-json\/wp\/v2\/media?parent=195"}],"wp:term":[{"taxonomy":"category","embeddable":true,"href":"https:\/\/vfb1.de\/vfb\/wp-json\/wp\/v2\/categories?post=195"},{"taxonomy":"post_tag","embeddable":true,"href":"https:\/\/vfb1.de\/vfb\/wp-json\/wp\/v2\/tags?post=195"}],"curies":[{"name":"wp","href":"https:\/\/api.w.org\/{rel}","templated":true}]}}