{"id":192,"date":"2019-04-03T00:00:00","date_gmt":"2019-04-03T00:00:00","guid":{"rendered":"https:\/\/vfb1.de\/vfb\/2019\/04\/03\/vfb-stuttgart-ministerpraesident-kretschmann-am-ball\/"},"modified":"2019-04-03T00:00:00","modified_gmt":"2019-04-03T00:00:00","slug":"vfb-stuttgart-ministerpraesident-kretschmann-am-ball","status":"publish","type":"post","link":"https:\/\/vfb1.de\/vfb\/2019\/04\/03\/vfb-stuttgart-ministerpraesident-kretschmann-am-ball\/","title":{"rendered":"VfB Stuttgart: Ministerpr\u00e4sident Kretschmann am Ball"},"content":{"rendered":"<p>Mitten auf dem Schlossplatz im Herzen der Landeshauptstadt rollte der Fu\u00dfball. Auf einem kleinen Feld von zehn mal 15 Metern wurde gekickt. Und bei dieser Veranstaltung, die Teil der VfBfairplay-Aktionswoche zum Thema Inklusion ist, schaute auch Ministerpr\u00e4sident Winfried Kretschmann vorbei.<br \/>\n<br \/>Zusammen mit VfB-Pr\u00e4sident Wolfgang Dietrich war er ganz nah am Ball. \u0084Der VfB geh\u00f6rt zum Land, geh\u00f6rt zur Region und geh\u00f6rt zur Stadt. Und wenn sich ein Verein \u00fcber das Sportliche hinaus engagiert und sich um die jungen Leute k\u00fcmmert, ist das eine Super-Aktion\u0093, \u00e4u\u00dferte sich der Landesvater.<br \/>\n<br \/>Beteiligte des Projekts f\u00fcr inklusive Fu\u00dfball-F\u00f6rderung (PFIFF) kickten zusammen mit Passanten, die spontan ins Spiel mit einbezogen wurden. \u0084PFIFF ist ein tolles Projekt, das wir seit Jahren unterst\u00fctzen. Es geht darum, Menschen mit und ohne Behinderung zusammenzubringen und dem Thema Inklusion Aufmerksamkeit zu verleihen. Diese Begegnungen sind f\u00fcr alle Beteiligten beeindruckend und machen sehr viel Freude\u0093, so VfB-Pr\u00e4sident Dietrich.<br \/>\n(rf)<\/p>\n","protected":false},"excerpt":{"rendered":"<p>Mitten auf dem Schlossplatz im Herzen der Landeshauptstadt rollte der Fu\u00dfball. Auf einem kleinen Feld von zehn mal 15 Metern&hellip;<\/p>\n","protected":false},"author":2,"featured_media":0,"comment_status":"open","ping_status":"open","sticky":false,"template":"","format":"standard","meta":{"footnotes":""},"categories":[],"tags":[],"class_list":["post-192","post","type-post","status-publish","format-standard","hentry"],"_links":{"self":[{"href":"https:\/\/vfb1.de\/vfb\/wp-json\/wp\/v2\/posts\/192","targetHints":{"allow":["GET"]}}],"collection":[{"href":"https:\/\/vfb1.de\/vfb\/wp-json\/wp\/v2\/posts"}],"about":[{"href":"https:\/\/vfb1.de\/vfb\/wp-json\/wp\/v2\/types\/post"}],"author":[{"embeddable":true,"href":"https:\/\/vfb1.de\/vfb\/wp-json\/wp\/v2\/users\/2"}],"replies":[{"embeddable":true,"href":"https:\/\/vfb1.de\/vfb\/wp-json\/wp\/v2\/comments?post=192"}],"version-history":[{"count":0,"href":"https:\/\/vfb1.de\/vfb\/wp-json\/wp\/v2\/posts\/192\/revisions"}],"wp:attachment":[{"href":"https:\/\/vfb1.de\/vfb\/wp-json\/wp\/v2\/media?parent=192"}],"wp:term":[{"taxonomy":"category","embeddable":true,"href":"https:\/\/vfb1.de\/vfb\/wp-json\/wp\/v2\/categories?post=192"},{"taxonomy":"post_tag","embeddable":true,"href":"https:\/\/vfb1.de\/vfb\/wp-json\/wp\/v2\/tags?post=192"}],"curies":[{"name":"wp","href":"https:\/\/api.w.org\/{rel}","templated":true}]}}