{"id":191,"date":"2019-04-02T00:00:00","date_gmt":"2019-04-02T00:00:00","guid":{"rendered":"https:\/\/vfb1.de\/vfb\/2019\/04\/02\/vfb-stuttgart-ersatz-fuer-gomez-geplant\/"},"modified":"2019-04-02T00:00:00","modified_gmt":"2019-04-02T00:00:00","slug":"vfb-stuttgart-ersatz-fuer-gomez-geplant","status":"publish","type":"post","link":"https:\/\/vfb1.de\/vfb\/2019\/04\/02\/vfb-stuttgart-ersatz-fuer-gomez-geplant\/","title":{"rendered":"VfB Stuttgart: Ersatz f\u00fcr Gomez geplant?"},"content":{"rendered":"<p>Der VfB Stuttgart hat noch sieben Spiele vor sich, um den Klassenerhalt aus eigener Kraft zu schaffen. Oder noch zwei Begegnungen in der Relegation. VfB-Pr\u00e4sident Wolfgang Dietrich zeigt unersch\u00fctterliches Selbstvertrauen.<br \/>\n<br \/>\u0084Nat\u00fcrlich habe ich Vertrauen. Was wollen wir \u00e4ndern? Mit der Mannschaft, dem Trainer und dem Umfeld, das wir haben, m\u00fcssen wir die Liga halten. Es gibt keine andere Option\u0093, wird er von einer Stuttgarter Tageszeitung zitiert. Im kommenden Spiel gegen den direkten Tabellennachbarn N\u00fcrnberg muss ein Sieg her: \u0084Ich bin zuversichtlich, dass wir es schaffen. Wir haben noch vier Heimspiele, und die m\u00fcssen wir alle gewinnen, fertig \u0096 so einfach ist es\u0093, so Dietrich.<br \/>\n<br \/>Anscheinend plant der VfB aber ungeahnt der Ligazugeh\u00f6rigkeit bereits den Spielerkader f\u00fcr die kommende Saison. Demnach soll Mittelst\u00fcrmer Robert Glatzel vom 1. FC Heidenheim ab der kommenden Saison Mario Gomez ersetzen. Der 25-J\u00e4hrige erzielte in der laufenden Zweitligasaison in 19 Partien zw\u00f6lf Treffer und lieferte eine Torvorlage.<br \/>\n(jd)<\/p>\n","protected":false},"excerpt":{"rendered":"<p>Der VfB Stuttgart hat noch sieben Spiele vor sich, um den Klassenerhalt aus eigener Kraft zu schaffen. Oder noch zwei&hellip;<\/p>\n","protected":false},"author":2,"featured_media":0,"comment_status":"open","ping_status":"open","sticky":false,"template":"","format":"standard","meta":{"footnotes":""},"categories":[],"tags":[],"class_list":["post-191","post","type-post","status-publish","format-standard","hentry"],"_links":{"self":[{"href":"https:\/\/vfb1.de\/vfb\/wp-json\/wp\/v2\/posts\/191","targetHints":{"allow":["GET"]}}],"collection":[{"href":"https:\/\/vfb1.de\/vfb\/wp-json\/wp\/v2\/posts"}],"about":[{"href":"https:\/\/vfb1.de\/vfb\/wp-json\/wp\/v2\/types\/post"}],"author":[{"embeddable":true,"href":"https:\/\/vfb1.de\/vfb\/wp-json\/wp\/v2\/users\/2"}],"replies":[{"embeddable":true,"href":"https:\/\/vfb1.de\/vfb\/wp-json\/wp\/v2\/comments?post=191"}],"version-history":[{"count":0,"href":"https:\/\/vfb1.de\/vfb\/wp-json\/wp\/v2\/posts\/191\/revisions"}],"wp:attachment":[{"href":"https:\/\/vfb1.de\/vfb\/wp-json\/wp\/v2\/media?parent=191"}],"wp:term":[{"taxonomy":"category","embeddable":true,"href":"https:\/\/vfb1.de\/vfb\/wp-json\/wp\/v2\/categories?post=191"},{"taxonomy":"post_tag","embeddable":true,"href":"https:\/\/vfb1.de\/vfb\/wp-json\/wp\/v2\/tags?post=191"}],"curies":[{"name":"wp","href":"https:\/\/api.w.org\/{rel}","templated":true}]}}