{"id":190,"date":"2019-04-01T00:00:00","date_gmt":"2019-04-01T00:00:00","guid":{"rendered":"https:\/\/vfb1.de\/vfb\/2019\/04\/01\/vfb-stuttgart-gentner-erleidet-muskelfaserriss\/"},"modified":"2019-04-01T00:00:00","modified_gmt":"2019-04-01T00:00:00","slug":"vfb-stuttgart-gentner-erleidet-muskelfaserriss","status":"publish","type":"post","link":"https:\/\/vfb1.de\/vfb\/2019\/04\/01\/vfb-stuttgart-gentner-erleidet-muskelfaserriss\/","title":{"rendered":"VfB Stuttgart: Gentner erleidet Muskelfaserriss"},"content":{"rendered":"<p>Die 0:3-Niederlage des VfB Stuttgart bei Eintracht Frankfurt wiegt schwer. Der Abstand zum FC Augsburg und Schalke 04 ist auf f\u00fcnf und sechs Punkte angewachsen. Und jetzt fallen auch noch Christian Gentner und Gonzalo Castro verletzungsbedingt aus.<br \/>\n<br \/>Gentner verlie\u00df schon nach einer halben Stunde Spielzeit den Platz.&nbsp; Er erlitt einen kleinen Muskelfaserrisses in der Wade und f\u00e4llt damit mindestens zwei bis drei Wochen aus. Gonzalo Castro fehlt dem VfB noch l\u00e4nger. Er erlitt einen Muskelb\u00fcndelriss im Adduktorenbereich und ist damit mindestens drei bis vier Wochen au\u00dfer Gefecht gesetzt.<br \/>\n<br \/>Gegen den direkten Konkurrenten um den Klassenerhalt 1. FC N\u00fcrnberg kann VfB-Trainer Markus Weinzierl aber immerhin am kommenden Wochenende wieder auf Santiago Ascacibar zur\u00fcckgreifen, der seine Gelbsperre abgesessen hat.<br \/>\n(cm)<\/p>\n","protected":false},"excerpt":{"rendered":"<p>Die 0:3-Niederlage des VfB Stuttgart bei Eintracht Frankfurt wiegt schwer. Der Abstand zum FC Augsburg und Schalke 04 ist auf&hellip;<\/p>\n","protected":false},"author":2,"featured_media":0,"comment_status":"open","ping_status":"open","sticky":false,"template":"","format":"standard","meta":{"footnotes":""},"categories":[],"tags":[],"class_list":["post-190","post","type-post","status-publish","format-standard","hentry"],"_links":{"self":[{"href":"https:\/\/vfb1.de\/vfb\/wp-json\/wp\/v2\/posts\/190","targetHints":{"allow":["GET"]}}],"collection":[{"href":"https:\/\/vfb1.de\/vfb\/wp-json\/wp\/v2\/posts"}],"about":[{"href":"https:\/\/vfb1.de\/vfb\/wp-json\/wp\/v2\/types\/post"}],"author":[{"embeddable":true,"href":"https:\/\/vfb1.de\/vfb\/wp-json\/wp\/v2\/users\/2"}],"replies":[{"embeddable":true,"href":"https:\/\/vfb1.de\/vfb\/wp-json\/wp\/v2\/comments?post=190"}],"version-history":[{"count":0,"href":"https:\/\/vfb1.de\/vfb\/wp-json\/wp\/v2\/posts\/190\/revisions"}],"wp:attachment":[{"href":"https:\/\/vfb1.de\/vfb\/wp-json\/wp\/v2\/media?parent=190"}],"wp:term":[{"taxonomy":"category","embeddable":true,"href":"https:\/\/vfb1.de\/vfb\/wp-json\/wp\/v2\/categories?post=190"},{"taxonomy":"post_tag","embeddable":true,"href":"https:\/\/vfb1.de\/vfb\/wp-json\/wp\/v2\/tags?post=190"}],"curies":[{"name":"wp","href":"https:\/\/api.w.org\/{rel}","templated":true}]}}