{"id":188,"date":"2019-03-30T00:00:00","date_gmt":"2019-03-30T00:00:00","guid":{"rendered":"https:\/\/vfb1.de\/vfb\/2019\/03\/30\/vfb-stuttgart-schadensbegrenzung-gegen-frankfurt\/"},"modified":"2019-03-30T00:00:00","modified_gmt":"2019-03-30T00:00:00","slug":"vfb-stuttgart-schadensbegrenzung-gegen-frankfurt","status":"publish","type":"post","link":"https:\/\/vfb1.de\/vfb\/2019\/03\/30\/vfb-stuttgart-schadensbegrenzung-gegen-frankfurt\/","title":{"rendered":"VfB Stuttgart. Schadensbegrenzung gegen Frankfurt"},"content":{"rendered":"<p>0:3 lautete das Ergebnis der Niederlage, die der VfB Stuttgart in der Hinrunde gegen Eintracht Frankfurt hinnehmen musste. In der R\u00fcckrunde scheint die Aufgabe nun noch schwieriger: Frankfurt hat noch kein Spiel der R\u00fcckrunde verloren und stellt nach Bayern M\u00fcnchen und Borussia Dortmund die drittst\u00e4rkste Offensive der Bundesliga. Da kann der VfB eigentlich nur um Schadensbegrenzung bem\u00fcht sein.<br \/>\n<br \/>Ozan Kabak, Benjamin Pavard und Marc Oliver Kempf sollen gegen den Frankfurter Sturm im Zaum halten. Ein anderer junger Spieler fehlt jedoch in den Reihend er Verteidiger: Timo Baumgartl. Der 23-J\u00e4hrige musste von Ende Januar bis Anfang M\u00e4rz nach einer weiteren Gehirnersch\u00fctterung pausieren und k\u00e4mpft sich erst wieder an die Mannschaft heran.<br \/>\n<br \/>\u0084Die lange Ausfallzeit hat ihn einen Tick zur\u00fcckgeworfen, die anderen haben es gut gemacht\u0093, sagte VfB-Trainer Markus Weinzierl und setzt damit auf die Formation, die zuletzt f\u00fcr einen leichten Aufw\u00e4rtstrend sorgte. Als Option sieht er Baumgartl an, zum Einsatz kommen wird er aber aller Wahrscheinlichkeit nicht so schnell. &nbsp;<br \/>\n(rf)<\/p>\n","protected":false},"excerpt":{"rendered":"<p>0:3 lautete das Ergebnis der Niederlage, die der VfB Stuttgart in der Hinrunde gegen Eintracht Frankfurt hinnehmen musste. In der&hellip;<\/p>\n","protected":false},"author":2,"featured_media":0,"comment_status":"open","ping_status":"open","sticky":false,"template":"","format":"standard","meta":{"footnotes":""},"categories":[],"tags":[],"class_list":["post-188","post","type-post","status-publish","format-standard","hentry"],"_links":{"self":[{"href":"https:\/\/vfb1.de\/vfb\/wp-json\/wp\/v2\/posts\/188","targetHints":{"allow":["GET"]}}],"collection":[{"href":"https:\/\/vfb1.de\/vfb\/wp-json\/wp\/v2\/posts"}],"about":[{"href":"https:\/\/vfb1.de\/vfb\/wp-json\/wp\/v2\/types\/post"}],"author":[{"embeddable":true,"href":"https:\/\/vfb1.de\/vfb\/wp-json\/wp\/v2\/users\/2"}],"replies":[{"embeddable":true,"href":"https:\/\/vfb1.de\/vfb\/wp-json\/wp\/v2\/comments?post=188"}],"version-history":[{"count":0,"href":"https:\/\/vfb1.de\/vfb\/wp-json\/wp\/v2\/posts\/188\/revisions"}],"wp:attachment":[{"href":"https:\/\/vfb1.de\/vfb\/wp-json\/wp\/v2\/media?parent=188"}],"wp:term":[{"taxonomy":"category","embeddable":true,"href":"https:\/\/vfb1.de\/vfb\/wp-json\/wp\/v2\/categories?post=188"},{"taxonomy":"post_tag","embeddable":true,"href":"https:\/\/vfb1.de\/vfb\/wp-json\/wp\/v2\/tags?post=188"}],"curies":[{"name":"wp","href":"https:\/\/api.w.org\/{rel}","templated":true}]}}