{"id":185,"date":"2019-03-27T00:00:00","date_gmt":"2019-03-27T00:00:00","guid":{"rendered":"https:\/\/vfb1.de\/vfb\/2019\/03\/27\/klinsmann-entsetzt-ueber-vfb-stuttgart\/"},"modified":"2019-03-27T00:00:00","modified_gmt":"2019-03-27T00:00:00","slug":"klinsmann-entsetzt-ueber-vfb-stuttgart","status":"publish","type":"post","link":"https:\/\/vfb1.de\/vfb\/2019\/03\/27\/klinsmann-entsetzt-ueber-vfb-stuttgart\/","title":{"rendered":"Klinsmann entsetzt \u00fcber VfB Stuttgart"},"content":{"rendered":"<p>Nach der sportlichen Talfahrt des VfB Stuttgart machten schon Ger\u00fcchte die Runde, dass J\u00fcrgen Klinsmann zum Retter in der Not werden k\u00f6nnte. Zumindest schloss er eine R\u00fcckkehr nach Deutschland und auch zum VfB nicht kategorisch aus. Doch wie weit dies von der Realit\u00e4t entfernt war, zeigte sich bei einer Veranstaltung im Theaterhaus in Stuttgart.<br \/>\n<br \/>Klinsmann zeigte sich entsetzt \u00fcber seinen ehemaligen Verein. In Bezug auf den Abgang von Guido Buchwald \u00e4u\u00dferte er sich wie folgt: \u0084Man leidet mit, und weil man nat\u00fcrlich in der Materie ein bisschen tiefer drin ist und auch Leute kennt und mit denen Kontakt hat, dann entsteht auch ein bisschen Wut bei dem, was man da sieht.\u0093<br \/>\n<br \/>Er kritisierte mangelndes Fachwissen in der Vereinsf\u00fchrung: \u0084Es reden so viele Leute mit, die eigentlich von der Thematik gar nichts verstehen. Das hat mich getroffen. Wenn wir das Wort Zugeh\u00f6rigkeit diskutieren, dann verlierst du da nat\u00fcrlich einen Teil Zugeh\u00f6rigkeit, absolut.\u0093<br \/>\n(cm)<\/p>\n","protected":false},"excerpt":{"rendered":"<p>Nach der sportlichen Talfahrt des VfB Stuttgart machten schon Ger\u00fcchte die Runde, dass J\u00fcrgen Klinsmann zum Retter in der Not&hellip;<\/p>\n","protected":false},"author":2,"featured_media":0,"comment_status":"open","ping_status":"open","sticky":false,"template":"","format":"standard","meta":{"footnotes":""},"categories":[],"tags":[],"class_list":["post-185","post","type-post","status-publish","format-standard","hentry"],"_links":{"self":[{"href":"https:\/\/vfb1.de\/vfb\/wp-json\/wp\/v2\/posts\/185","targetHints":{"allow":["GET"]}}],"collection":[{"href":"https:\/\/vfb1.de\/vfb\/wp-json\/wp\/v2\/posts"}],"about":[{"href":"https:\/\/vfb1.de\/vfb\/wp-json\/wp\/v2\/types\/post"}],"author":[{"embeddable":true,"href":"https:\/\/vfb1.de\/vfb\/wp-json\/wp\/v2\/users\/2"}],"replies":[{"embeddable":true,"href":"https:\/\/vfb1.de\/vfb\/wp-json\/wp\/v2\/comments?post=185"}],"version-history":[{"count":0,"href":"https:\/\/vfb1.de\/vfb\/wp-json\/wp\/v2\/posts\/185\/revisions"}],"wp:attachment":[{"href":"https:\/\/vfb1.de\/vfb\/wp-json\/wp\/v2\/media?parent=185"}],"wp:term":[{"taxonomy":"category","embeddable":true,"href":"https:\/\/vfb1.de\/vfb\/wp-json\/wp\/v2\/categories?post=185"},{"taxonomy":"post_tag","embeddable":true,"href":"https:\/\/vfb1.de\/vfb\/wp-json\/wp\/v2\/tags?post=185"}],"curies":[{"name":"wp","href":"https:\/\/api.w.org\/{rel}","templated":true}]}}