{"id":183,"date":"2019-03-24T00:00:00","date_gmt":"2019-03-24T00:00:00","guid":{"rendered":"https:\/\/vfb1.de\/vfb\/2019\/03\/24\/vfb-stuttgart-fehlinvestition-massimo\/"},"modified":"2019-03-24T00:00:00","modified_gmt":"2019-03-24T00:00:00","slug":"vfb-stuttgart-fehlinvestition-massimo","status":"publish","type":"post","link":"https:\/\/vfb1.de\/vfb\/2019\/03\/24\/vfb-stuttgart-fehlinvestition-massimo\/","title":{"rendered":"VfB Stuttgart: Fehlinvestition Massimo?"},"content":{"rendered":"<p>Der VfB Stuttgart will auf junge Talente setzen. Die sollen zwar prim\u00e4r aus den eigenen Reihen kommen, aber Ex-VfB-Sportvorstand Michael Reschke hat auch bei anderen Vereinen eingekauft und unter anderem den 18-J\u00e4hrigen Roberto Massimo f\u00fcr 1,5 Millionen Euro verpflichtet. Momentan stellt sich die Frage, ob dies eine Fehlinvestition war?<br \/>\n<br \/>Nur sechs Zweitligapartien f\u00fcr Arminia Bielefeld standen f\u00fcr den Teenie zum Zeitpunkt seiner Verpflichtung zu Buche. Nach dem Kauf wurde er an die Arminia bis 2020 verliehen, um Spielpraxis zu bekommen und weiter zu reifen. Der Plan geht derzeit aber nicht auf.<br \/>\n<br \/>Massimo bestritt in dieser Saison lediglich drei Zweitligaspiele. \u0084Durch seine Verletzung am Sprunggelenk und weitere Krankheiten hat Roberto zuletzt ein halbes Jahr verloren \u0096 das ist \u00e4rgerlich. Er hat es daher noch nicht geschafft, sich in Bielefeld als Stammspieler durchzusetzen\u0093, \u00e4u\u00dfert sich Helmut Schulte dazu, der sich um die verliehenen VfB-Spieler k\u00fcmmert.<br \/>\n<br \/>Schulte gibt Massimo noch Zeit und bescheinigt ihm gro\u00dfes Potenzial. Das sieht auch Arminia-Manager Samir Arabi so, schr\u00e4nkt aber ein: \u0084Robbie ist ein Riesentalent. Aber er braucht Spielpraxis. So wie es gerade l\u00e4uft, ist es f\u00fcr alle Seiten unbefriedigend.\u0093 Es k\u00f6nnte also durchaus sein, dass Massimo noch an einen weiteren Verein ausgeliehen wird.<br \/>\n(rf)<\/p>\n","protected":false},"excerpt":{"rendered":"<p>Der VfB Stuttgart will auf junge Talente setzen. Die sollen zwar prim\u00e4r aus den eigenen Reihen kommen, aber Ex-VfB-Sportvorstand Michael&hellip;<\/p>\n","protected":false},"author":2,"featured_media":0,"comment_status":"open","ping_status":"open","sticky":false,"template":"","format":"standard","meta":{"footnotes":""},"categories":[],"tags":[],"class_list":["post-183","post","type-post","status-publish","format-standard","hentry"],"_links":{"self":[{"href":"https:\/\/vfb1.de\/vfb\/wp-json\/wp\/v2\/posts\/183","targetHints":{"allow":["GET"]}}],"collection":[{"href":"https:\/\/vfb1.de\/vfb\/wp-json\/wp\/v2\/posts"}],"about":[{"href":"https:\/\/vfb1.de\/vfb\/wp-json\/wp\/v2\/types\/post"}],"author":[{"embeddable":true,"href":"https:\/\/vfb1.de\/vfb\/wp-json\/wp\/v2\/users\/2"}],"replies":[{"embeddable":true,"href":"https:\/\/vfb1.de\/vfb\/wp-json\/wp\/v2\/comments?post=183"}],"version-history":[{"count":0,"href":"https:\/\/vfb1.de\/vfb\/wp-json\/wp\/v2\/posts\/183\/revisions"}],"wp:attachment":[{"href":"https:\/\/vfb1.de\/vfb\/wp-json\/wp\/v2\/media?parent=183"}],"wp:term":[{"taxonomy":"category","embeddable":true,"href":"https:\/\/vfb1.de\/vfb\/wp-json\/wp\/v2\/categories?post=183"},{"taxonomy":"post_tag","embeddable":true,"href":"https:\/\/vfb1.de\/vfb\/wp-json\/wp\/v2\/tags?post=183"}],"curies":[{"name":"wp","href":"https:\/\/api.w.org\/{rel}","templated":true}]}}