{"id":181,"date":"2019-03-22T00:00:00","date_gmt":"2019-03-22T00:00:00","guid":{"rendered":"https:\/\/vfb1.de\/vfb\/2019\/03\/22\/vfb-stuttgart-nur-durchgangsstation-fuer-kabak\/"},"modified":"2019-03-22T00:00:00","modified_gmt":"2019-03-22T00:00:00","slug":"vfb-stuttgart-nur-durchgangsstation-fuer-kabak","status":"publish","type":"post","link":"https:\/\/vfb1.de\/vfb\/2019\/03\/22\/vfb-stuttgart-nur-durchgangsstation-fuer-kabak\/","title":{"rendered":"VfB Stuttgart nur Durchgangsstation f\u00fcr Kabak"},"content":{"rendered":"<p>Ex-VfB-Sportvorstand Michael Reschke zog mit seinen Verpflichtungen Kritik auf sich, weil die neuen Spieler nicht zusammen harmonierten und der VfB seine Stabilit\u00e4t verlor. Auch der teuerste Transfer des Vereinsgeschichte war umstritten. Doch mittlerweile hat sich gezeigt, dass sich die Investition von elf Millionen Euro f\u00fcr Abwehrspieler Ozan Kabak auszuzahlen scheint.<br \/>\n<br \/>Der 18-J\u00e4hrige hat es von Beginn an geschafft, sich einen Stammplatz zu sichern, sich mit einem Doppelpack in die Bundesligageschichte einzutragen und d\u00fcrfte in naher Zukunft sein Deb\u00fct f\u00fcr die t\u00fcrkische Nationalmannschaft geben. Sein Marktwert hat sich in kurzer Zeit nahezu verdoppelt. Das k\u00f6nnte dem VfB eine h\u00fcbsche Summe in die Kasse sp\u00fclen, denn Kabak sieht den VfB wohl nur als Durchgangsstation in Richtung eines internationalen Topclubs an.<br \/>\n<br \/>Somit k\u00f6nnte er Benjamin Pavard folgen, der eine \u00e4hnliche Entwicklung beim VfB machte. Kabak hat einen F\u00fcnfjahresvertrag ohne Ausstiegsklausel. Sollte der VfB allerdings absteigen, d\u00fcrfte der VfB schlechte Karten in einem m\u00f6glichen Transferpokerspiel haben.<br \/>\n<br \/>Kabak hat laut Bericht einer Stuttgarter Tageszeitung bereits das Interesse anderer Clubs wie Juventus Turin oder Manchester United geweckt. Seine gute Technik, Schnelligkeit, robuste Physis sowie mentale Ruhe sind in dieser Kombination f\u00fcr sein Alter au\u00dfergew\u00f6hnlich. Sollte er diese F\u00e4higkeiten weiter entwickeln und der VfB sich in der ersten Liga halten, d\u00fcrfte die Personalie Kabak noch sehr interessant werden.<br \/>\n(cm)<\/p>\n","protected":false},"excerpt":{"rendered":"<p>Ex-VfB-Sportvorstand Michael Reschke zog mit seinen Verpflichtungen Kritik auf sich, weil die neuen Spieler nicht zusammen harmonierten und der VfB&hellip;<\/p>\n","protected":false},"author":2,"featured_media":0,"comment_status":"open","ping_status":"open","sticky":false,"template":"","format":"standard","meta":{"footnotes":""},"categories":[],"tags":[],"class_list":["post-181","post","type-post","status-publish","format-standard","hentry"],"_links":{"self":[{"href":"https:\/\/vfb1.de\/vfb\/wp-json\/wp\/v2\/posts\/181","targetHints":{"allow":["GET"]}}],"collection":[{"href":"https:\/\/vfb1.de\/vfb\/wp-json\/wp\/v2\/posts"}],"about":[{"href":"https:\/\/vfb1.de\/vfb\/wp-json\/wp\/v2\/types\/post"}],"author":[{"embeddable":true,"href":"https:\/\/vfb1.de\/vfb\/wp-json\/wp\/v2\/users\/2"}],"replies":[{"embeddable":true,"href":"https:\/\/vfb1.de\/vfb\/wp-json\/wp\/v2\/comments?post=181"}],"version-history":[{"count":0,"href":"https:\/\/vfb1.de\/vfb\/wp-json\/wp\/v2\/posts\/181\/revisions"}],"wp:attachment":[{"href":"https:\/\/vfb1.de\/vfb\/wp-json\/wp\/v2\/media?parent=181"}],"wp:term":[{"taxonomy":"category","embeddable":true,"href":"https:\/\/vfb1.de\/vfb\/wp-json\/wp\/v2\/categories?post=181"},{"taxonomy":"post_tag","embeddable":true,"href":"https:\/\/vfb1.de\/vfb\/wp-json\/wp\/v2\/tags?post=181"}],"curies":[{"name":"wp","href":"https:\/\/api.w.org\/{rel}","templated":true}]}}