{"id":180,"date":"2019-03-19T00:00:00","date_gmt":"2019-03-19T00:00:00","guid":{"rendered":"https:\/\/vfb1.de\/vfb\/2019\/03\/19\/vfb-stuttgart-stellt-sich-auf-relegation-ein\/"},"modified":"2019-03-19T00:00:00","modified_gmt":"2019-03-19T00:00:00","slug":"vfb-stuttgart-stellt-sich-auf-relegation-ein","status":"publish","type":"post","link":"https:\/\/vfb1.de\/vfb\/2019\/03\/19\/vfb-stuttgart-stellt-sich-auf-relegation-ein\/","title":{"rendered":"VfB Stuttgart stellt sich auf Relegation ein"},"content":{"rendered":"<p>Rein rechnerisch kann der VfB Stuttgart den Klassenerhalt aus eigener Kraft schaffen. Drei Punkte trennen den VfB von Schalke 04 und f\u00fcnf Punkte vom FC Augsburg. Die Augsburger haben zuletzt jedoch gewinnen k\u00f6nnen und Schalke hat einen neuen Trainer. Dennoch hofft VfB-Abwehrspieler Marc Oliver Kempf auf die M\u00f6glichkeit, sich selbst zu retten.<br \/>\n<br \/>\u0084Es w\u00e4re sch\u00f6n, wenn wir es aus eigener Kraft schon vorher regeln, aber das wird schon schwer\u0093, \u00e4u\u00dferte er sich in einer TV-Sendung. In Panik ger\u00e4t er angesichts des Tabellenstandes nicht: \u0084F\u00fcr mich ist es gut, dass ich aus dem Freiburger Umfeld komme, wo es fast schon Routine ist, mit solch einer Situation umzugehen, aber wo alles auch ruhiger bewertet wird und wo es weniger Druck und Stress gibt.\u0093<br \/>\n<br \/>VfB-Sportvorstand Thomas Hitzlsperger stellt sich indes bereits auf die Relegation ein. Die Spiele finden am 23. und 27. Mai statt: \u0084Das m\u00fcssen wir tun, das ist unsere Pflicht. Wir m\u00fcssen damit rechnen, dass es am Ende bei Platz 16 bleiben wird.\u0093 Als Gegner kommen derzeit die ersten sechs Mannschaften der zweiten Liga in Betracht. Ein Kn\u00fcller w\u00e4re das Aufeinandertreffen mit dem 1. FC Heidenheim, dem momentan als Tabellensechsten f\u00fcnf Punkte auf den Dritten Union Berlin fehlen.<br \/>\n(jd)<\/p>\n","protected":false},"excerpt":{"rendered":"<p>Rein rechnerisch kann der VfB Stuttgart den Klassenerhalt aus eigener Kraft schaffen. Drei Punkte trennen den VfB von Schalke 04&hellip;<\/p>\n","protected":false},"author":2,"featured_media":0,"comment_status":"open","ping_status":"open","sticky":false,"template":"","format":"standard","meta":{"footnotes":""},"categories":[],"tags":[],"class_list":["post-180","post","type-post","status-publish","format-standard","hentry"],"_links":{"self":[{"href":"https:\/\/vfb1.de\/vfb\/wp-json\/wp\/v2\/posts\/180","targetHints":{"allow":["GET"]}}],"collection":[{"href":"https:\/\/vfb1.de\/vfb\/wp-json\/wp\/v2\/posts"}],"about":[{"href":"https:\/\/vfb1.de\/vfb\/wp-json\/wp\/v2\/types\/post"}],"author":[{"embeddable":true,"href":"https:\/\/vfb1.de\/vfb\/wp-json\/wp\/v2\/users\/2"}],"replies":[{"embeddable":true,"href":"https:\/\/vfb1.de\/vfb\/wp-json\/wp\/v2\/comments?post=180"}],"version-history":[{"count":0,"href":"https:\/\/vfb1.de\/vfb\/wp-json\/wp\/v2\/posts\/180\/revisions"}],"wp:attachment":[{"href":"https:\/\/vfb1.de\/vfb\/wp-json\/wp\/v2\/media?parent=180"}],"wp:term":[{"taxonomy":"category","embeddable":true,"href":"https:\/\/vfb1.de\/vfb\/wp-json\/wp\/v2\/categories?post=180"},{"taxonomy":"post_tag","embeddable":true,"href":"https:\/\/vfb1.de\/vfb\/wp-json\/wp\/v2\/tags?post=180"}],"curies":[{"name":"wp","href":"https:\/\/api.w.org\/{rel}","templated":true}]}}