{"id":179,"date":"2019-03-18T00:00:00","date_gmt":"2019-03-18T00:00:00","guid":{"rendered":"https:\/\/vfb1.de\/vfb\/2019\/03\/18\/vfb-stuttgart-trennt-sich-von-tobias-werner\/"},"modified":"2019-03-18T00:00:00","modified_gmt":"2019-03-18T00:00:00","slug":"vfb-stuttgart-trennt-sich-von-tobias-werner","status":"publish","type":"post","link":"https:\/\/vfb1.de\/vfb\/2019\/03\/18\/vfb-stuttgart-trennt-sich-von-tobias-werner\/","title":{"rendered":"VfB Stuttgart trennt sich von Tobias Werner"},"content":{"rendered":"<p>Man kann nicht behaupten, dass der Wechsel von Tobias Werner vom FC Augsburg zum VfB Stuttgart unter guten Vorzeichen stand. Im Sommer 2016 kam er zum VfB, konnte sich aber nie durchsetzen. Nun l\u00f6st der VfB den zum Saisonende auslaufenden Vertrag mit sofortiger Wirkung auf und trennt sich von dem 33-J\u00e4hrigen.<br \/>\n<br \/>Nachdem ihn sein Mentor und Trainer Jos Luhukay zum VfB holte, war dieser bald auf sich allein gestellt, denn der VfB trennte sich von Luhukay. Nach einer Verletzung musste er dann auch noch den Tod seines Kindes verkraften, das bei der Geburt starb.<br \/>\n<br \/>Nach einer kurzen Ausleihe an den 1. FC N\u00fcrnberg in der vergangenen Saison, sollte er in der aktuellen Spielzeit eine F\u00fchrungsposition in der VfB-Regionalligamannschaft einnehmen. Erneute kleineren Blessuren und Krankheiten setzten ihn wieder au\u00dfer Gefecht.<br \/>\n<br \/>\u0084Bereits in der Vorrunde hatte ich mehrfach k\u00f6rperliche Probleme. Wer mich kennt, wei\u00df, dass ich immer 100 Prozent geben will, aber das war leider nicht mehr m\u00f6glich. Daher habe ich mich entschlossen, meine Karriere zu beenden und den Vertrag beim VfB vorzeitig aufzul\u00f6sen\u0093, kommentierte Werner die Trennung.<br \/>\n(cm)<\/p>\n","protected":false},"excerpt":{"rendered":"<p>Man kann nicht behaupten, dass der Wechsel von Tobias Werner vom FC Augsburg zum VfB Stuttgart unter guten Vorzeichen stand.&hellip;<\/p>\n","protected":false},"author":2,"featured_media":0,"comment_status":"open","ping_status":"open","sticky":false,"template":"","format":"standard","meta":{"footnotes":""},"categories":[],"tags":[],"class_list":["post-179","post","type-post","status-publish","format-standard","hentry"],"_links":{"self":[{"href":"https:\/\/vfb1.de\/vfb\/wp-json\/wp\/v2\/posts\/179","targetHints":{"allow":["GET"]}}],"collection":[{"href":"https:\/\/vfb1.de\/vfb\/wp-json\/wp\/v2\/posts"}],"about":[{"href":"https:\/\/vfb1.de\/vfb\/wp-json\/wp\/v2\/types\/post"}],"author":[{"embeddable":true,"href":"https:\/\/vfb1.de\/vfb\/wp-json\/wp\/v2\/users\/2"}],"replies":[{"embeddable":true,"href":"https:\/\/vfb1.de\/vfb\/wp-json\/wp\/v2\/comments?post=179"}],"version-history":[{"count":0,"href":"https:\/\/vfb1.de\/vfb\/wp-json\/wp\/v2\/posts\/179\/revisions"}],"wp:attachment":[{"href":"https:\/\/vfb1.de\/vfb\/wp-json\/wp\/v2\/media?parent=179"}],"wp:term":[{"taxonomy":"category","embeddable":true,"href":"https:\/\/vfb1.de\/vfb\/wp-json\/wp\/v2\/categories?post=179"},{"taxonomy":"post_tag","embeddable":true,"href":"https:\/\/vfb1.de\/vfb\/wp-json\/wp\/v2\/tags?post=179"}],"curies":[{"name":"wp","href":"https:\/\/api.w.org\/{rel}","templated":true}]}}