{"id":176,"date":"2019-03-15T00:00:00","date_gmt":"2019-03-15T00:00:00","guid":{"rendered":"https:\/\/vfb1.de\/vfb\/2019\/03\/15\/vfb-stuttgart-kabak-fuer-nationalmannschaft-im-einsatz\/"},"modified":"2019-03-15T00:00:00","modified_gmt":"2019-03-15T00:00:00","slug":"vfb-stuttgart-kabak-fuer-nationalmannschaft-im-einsatz","status":"publish","type":"post","link":"https:\/\/vfb1.de\/vfb\/2019\/03\/15\/vfb-stuttgart-kabak-fuer-nationalmannschaft-im-einsatz\/","title":{"rendered":"VfB Stuttgart: Kabak f\u00fcr Nationalmannschaft im Einsatz"},"content":{"rendered":"<p>Ozan Kabak scheint seinen Weg zu machen. Er ist der teuerste Einkauf, den der VfB Stuttgart jemals get\u00e4tigt hat. Die Investition scheint Fr\u00fcchte zu tragen. Der Innenverteidiger bestritt bislang sieben Bundesligaspiele \u00fcber die volle Distanz. Mit seinen beiden Toren gegen Hannover 96 wurde er zum j\u00fcngsten t\u00fcrkischen Doppeltorsch\u00fctze der Bundesligageschichte. Und nun wurde er erstmals in die t\u00fcrkische Nationalmannschaft berufen.<br \/>\n<br \/>Laut Meldung des Vereins ist der 18-J\u00e4hrige der j\u00fcngste Spieler im 28-k\u00f6pfigen Kader von Nationaltrainer Senol G\u00fcnes. Kabak k\u00f6nnte in den EM-Qualifikationsspielen gegen Albanien und gegen Moldawien sein Deb\u00fct im Dress der Nationalelf feiern.<br \/>\n<br \/>Es k\u00f6nnte gar zu einem Duell mit&nbsp; Vereinskollege Benjamin Pavard, denn Anfang Juni empf\u00e4ngt die T\u00fcrkei Weltmeister Frankreich. F\u00fcr Galatasaray Istanbul bestritt er bereits vier Eins\u00e4tze in der Champions League und ist damit international kein absoluter Neuling. Doch ein L\u00e4nderspiel w\u00e4re eine Premiere f\u00fcr ihn.<br \/>\n(rf)<\/p>\n","protected":false},"excerpt":{"rendered":"<p>Ozan Kabak scheint seinen Weg zu machen. Er ist der teuerste Einkauf, den der VfB Stuttgart jemals get\u00e4tigt hat. Die&hellip;<\/p>\n","protected":false},"author":2,"featured_media":0,"comment_status":"open","ping_status":"open","sticky":false,"template":"","format":"standard","meta":{"footnotes":""},"categories":[],"tags":[],"class_list":["post-176","post","type-post","status-publish","format-standard","hentry"],"_links":{"self":[{"href":"https:\/\/vfb1.de\/vfb\/wp-json\/wp\/v2\/posts\/176","targetHints":{"allow":["GET"]}}],"collection":[{"href":"https:\/\/vfb1.de\/vfb\/wp-json\/wp\/v2\/posts"}],"about":[{"href":"https:\/\/vfb1.de\/vfb\/wp-json\/wp\/v2\/types\/post"}],"author":[{"embeddable":true,"href":"https:\/\/vfb1.de\/vfb\/wp-json\/wp\/v2\/users\/2"}],"replies":[{"embeddable":true,"href":"https:\/\/vfb1.de\/vfb\/wp-json\/wp\/v2\/comments?post=176"}],"version-history":[{"count":0,"href":"https:\/\/vfb1.de\/vfb\/wp-json\/wp\/v2\/posts\/176\/revisions"}],"wp:attachment":[{"href":"https:\/\/vfb1.de\/vfb\/wp-json\/wp\/v2\/media?parent=176"}],"wp:term":[{"taxonomy":"category","embeddable":true,"href":"https:\/\/vfb1.de\/vfb\/wp-json\/wp\/v2\/categories?post=176"},{"taxonomy":"post_tag","embeddable":true,"href":"https:\/\/vfb1.de\/vfb\/wp-json\/wp\/v2\/tags?post=176"}],"curies":[{"name":"wp","href":"https:\/\/api.w.org\/{rel}","templated":true}]}}