{"id":174,"date":"2019-03-13T00:00:00","date_gmt":"2019-03-13T00:00:00","guid":{"rendered":"https:\/\/vfb1.de\/vfb\/2019\/03\/13\/vfb-stuttgart-die-leiden-des-30-jaehrigen-holger-b\/"},"modified":"2019-03-13T00:00:00","modified_gmt":"2019-03-13T00:00:00","slug":"vfb-stuttgart-die-leiden-des-30-jaehrigen-holger-b","status":"publish","type":"post","link":"https:\/\/vfb1.de\/vfb\/2019\/03\/13\/vfb-stuttgart-die-leiden-des-30-jaehrigen-holger-b\/","title":{"rendered":"VfB Stuttgart: Die Leiden des 30-J\u00e4hrigen Holger B."},"content":{"rendered":"<p>30 Jahre alt ist Holger Badstuber geworden, doch zum Feiern d\u00fcrfte ihm weniger zumute gewesen sein, denn derzeit bekleidet er beim VfB Stuttgart nur die Rolle des Bankdr\u00fcckers und seine sportliche Perspektive scheint offener denn je.<br \/>\n<br \/>In der R\u00fcckrunde stand er erst neun Minuten auf dem Platz, als er beim 1:1 in Bremen in der 81. Minute eingewechselt wurde. Unter Tayfun Korkut bekam Badstuber schon immer weniger Eins\u00e4tze. Der aktuelle VfB-Trainer Markus Weinzierl ber\u00fccksichtigt ihn fast \u00fcberhaupt nicht mehr.<br \/>\n<br \/>In den vergangenen Jahren warfen den Innenverteidiger h\u00e4ufig schwere Verletzung, die vom Kreuzbandriss bis zu Adduktoren- und Sprunggelenksverletzungen reichten, zur\u00fcck. Im Sommer 2018 wollte Badstuber den VfB verlassen. Zumindest lie\u00df er dies die \u00d6ffentlichkeit wissen. Stattdessen verl\u00e4ngerte der VfB seinen Vertrag um drei Jahre, was angesichts seines Alters und der Krankenakte auf Kritik stie\u00df.<br \/>\n<br \/>Mit Beginn der aktuellen Saison leistete sich Badstuber dann einige dicke Patzer und wurde prompt auf die Bank verbannt. Dann zwangen ihn Wadenprobleme zu einer mehrw\u00f6chigen Auszeit. In der Winterpause deutete Ex-VfB-Sportvorstand Michael Reschke einen m\u00f6glichen Wechsel im Winter an, da das vergangene halbe Jahr \u0084f\u00fcr beide Seiten unbefriedigend\u0093 gewesen sei. Aber auch daraus wurde nichts.<br \/>\n<br \/>Die Jugend hat derzeit die Nase vorn. Benjamin Pavard, Marc Oliver Kempf, Ozan Kabak und Timo Baumgartl genie\u00dfen derzeit das Vertrauen von Weinzierl. Wenn Pavard den VfB nach Ende der Saison verl\u00e4sst, k\u00f6nnten Badstubers Aktien wieder steigen. Zumindest l\u00e4sst er sich im Training nicht h\u00e4ngen und scheint auf seine Chance zu lauern.<br \/>\n(cm)<\/p>\n","protected":false},"excerpt":{"rendered":"<p>30 Jahre alt ist Holger Badstuber geworden, doch zum Feiern d\u00fcrfte ihm weniger zumute gewesen sein, denn derzeit bekleidet er&hellip;<\/p>\n","protected":false},"author":2,"featured_media":0,"comment_status":"open","ping_status":"open","sticky":false,"template":"","format":"standard","meta":{"footnotes":""},"categories":[],"tags":[],"class_list":["post-174","post","type-post","status-publish","format-standard","hentry"],"_links":{"self":[{"href":"https:\/\/vfb1.de\/vfb\/wp-json\/wp\/v2\/posts\/174","targetHints":{"allow":["GET"]}}],"collection":[{"href":"https:\/\/vfb1.de\/vfb\/wp-json\/wp\/v2\/posts"}],"about":[{"href":"https:\/\/vfb1.de\/vfb\/wp-json\/wp\/v2\/types\/post"}],"author":[{"embeddable":true,"href":"https:\/\/vfb1.de\/vfb\/wp-json\/wp\/v2\/users\/2"}],"replies":[{"embeddable":true,"href":"https:\/\/vfb1.de\/vfb\/wp-json\/wp\/v2\/comments?post=174"}],"version-history":[{"count":0,"href":"https:\/\/vfb1.de\/vfb\/wp-json\/wp\/v2\/posts\/174\/revisions"}],"wp:attachment":[{"href":"https:\/\/vfb1.de\/vfb\/wp-json\/wp\/v2\/media?parent=174"}],"wp:term":[{"taxonomy":"category","embeddable":true,"href":"https:\/\/vfb1.de\/vfb\/wp-json\/wp\/v2\/categories?post=174"},{"taxonomy":"post_tag","embeddable":true,"href":"https:\/\/vfb1.de\/vfb\/wp-json\/wp\/v2\/tags?post=174"}],"curies":[{"name":"wp","href":"https:\/\/api.w.org\/{rel}","templated":true}]}}