{"id":172,"date":"2019-03-11T00:00:00","date_gmt":"2019-03-11T00:00:00","guid":{"rendered":"https:\/\/vfb1.de\/vfb\/2019\/03\/11\/vfb-stuttgart-ersetzt-mangala-kuenftig-gentner\/"},"modified":"2019-03-11T00:00:00","modified_gmt":"2019-03-11T00:00:00","slug":"vfb-stuttgart-ersetzt-mangala-kuenftig-gentner","status":"publish","type":"post","link":"https:\/\/vfb1.de\/vfb\/2019\/03\/11\/vfb-stuttgart-ersetzt-mangala-kuenftig-gentner\/","title":{"rendered":"VfB Stuttgart: Ersetzt Mangala k\u00fcnftig Gentner?"},"content":{"rendered":"<p>Zur kommenden Saison kehrt Orel Mangala zum VfB Stuttgart zur\u00fcck. Im Sommer 2017 kam er zum VfB, konnte sich aber nicht durchsetzen. Daher wurde er an den Hamburger SV verliehen. Dort hat er nicht nur die erw\u00fcnschte Spielpraxis bekommen, sondern entwickelte sich zum Leistungstr\u00e4ger. Das k\u00f6nnte ihm bei seiner R\u00fcckkehr von Vorteil sein.<br \/>\n<br \/>Der 20-J\u00e4hrige k\u00f6nnte das schw\u00e4chelnde Mittelfeld verst\u00e4rken, aus dem in der Hinrunde kaum Impulse nach vorne kamen. Das f\u00fchrte unter anderem zur historisch schlechten Torausbeute des VfB. Gonzalo Castro zeigt nach schwachem Saisonstart mittlerweile aufsteigende Tendenz. Mit seinen 31 Jahren geh\u00f6rt er aber schon zu den Routiniers.<br \/>\n<br \/>Gleiches gilt f\u00fcr VfB-Kapit\u00e4n Christian Gentner, der zuletzt auf der Bank sa\u00df. Im Sommer l\u00e4uft dessen Vertrag aus und daher k\u00f6nnte er durch Mangala ersetzt werden. Auch der Vertrag des 32-J\u00e4hrigen Dennis Aogo l\u00e4uft aus, sodass der Jugendfaktor durchaus eine Rolle spielen und Mangala k\u00fcnftig zusammen mit Ascacibar das Mittelfeld des VfB dirigieren k\u00f6nnte.<br \/>\n(jd)<\/p>\n","protected":false},"excerpt":{"rendered":"<p>Zur kommenden Saison kehrt Orel Mangala zum VfB Stuttgart zur\u00fcck. Im Sommer 2017 kam er zum VfB, konnte sich aber&hellip;<\/p>\n","protected":false},"author":2,"featured_media":0,"comment_status":"open","ping_status":"open","sticky":false,"template":"","format":"standard","meta":{"footnotes":""},"categories":[],"tags":[],"class_list":["post-172","post","type-post","status-publish","format-standard","hentry"],"_links":{"self":[{"href":"https:\/\/vfb1.de\/vfb\/wp-json\/wp\/v2\/posts\/172","targetHints":{"allow":["GET"]}}],"collection":[{"href":"https:\/\/vfb1.de\/vfb\/wp-json\/wp\/v2\/posts"}],"about":[{"href":"https:\/\/vfb1.de\/vfb\/wp-json\/wp\/v2\/types\/post"}],"author":[{"embeddable":true,"href":"https:\/\/vfb1.de\/vfb\/wp-json\/wp\/v2\/users\/2"}],"replies":[{"embeddable":true,"href":"https:\/\/vfb1.de\/vfb\/wp-json\/wp\/v2\/comments?post=172"}],"version-history":[{"count":0,"href":"https:\/\/vfb1.de\/vfb\/wp-json\/wp\/v2\/posts\/172\/revisions"}],"wp:attachment":[{"href":"https:\/\/vfb1.de\/vfb\/wp-json\/wp\/v2\/media?parent=172"}],"wp:term":[{"taxonomy":"category","embeddable":true,"href":"https:\/\/vfb1.de\/vfb\/wp-json\/wp\/v2\/categories?post=172"},{"taxonomy":"post_tag","embeddable":true,"href":"https:\/\/vfb1.de\/vfb\/wp-json\/wp\/v2\/tags?post=172"}],"curies":[{"name":"wp","href":"https:\/\/api.w.org\/{rel}","templated":true}]}}