{"id":171,"date":"2019-03-10T00:00:00","date_gmt":"2019-03-10T00:00:00","guid":{"rendered":"https:\/\/vfb1.de\/vfb\/2019\/03\/10\/vfb-stuttgart-kampf-wird-nicht-belohnt\/"},"modified":"2019-03-10T00:00:00","modified_gmt":"2019-03-10T00:00:00","slug":"vfb-stuttgart-kampf-wird-nicht-belohnt","status":"publish","type":"post","link":"https:\/\/vfb1.de\/vfb\/2019\/03\/10\/vfb-stuttgart-kampf-wird-nicht-belohnt\/","title":{"rendered":"VfB Stuttgart: Kampf wird nicht belohnt"},"content":{"rendered":"<p>W\u00e4hrend die Mitkonkurrenten um den Klassenerhalt N\u00fcrnberg und Augsburg gegen Borussia Dortmund gepunktet haben, steht der VfB Stuttgart trotz gro\u00dfem Kampf ohne Z\u00e4hler da. Nach einem Elfmeter in der 62. Minute geriet der VfB in R\u00fcckstand und glich wenig sp\u00e4ter aus. Doch in den Schlussminuten schlugen die Gastgeber zu und gewannen mit 3:1. VfB-Trainer Markus Weinzierl sieht dennoch keinen Grund zur Klage.<br \/>\n<br \/>&quot;Wir haben eine gute, disziplinierte und k\u00e4mpferische Mannschaftsleistung gezeigt. Unterm Strich haben wir die Tugenden, die es im Abstiegskampf braucht, an den Tag gelegt und blicken positiv auf die anstehenden Aufgaben&quot;, \u00e4u\u00dferte er sich nach der Partie.<br \/>\n<br \/>VfB-Profi Andreas Beck bescheinigte eine gute Leistung der VfB-Abwehr bis zur 80. Spielminute. Und auch Marc Oliver Kempf konnte keine Kritik am Einsatzwillen \u00fcben: &quot;Es war eine ordentliche Leistung von uns. Jeder hat sich reingeschmissen und alles versucht. Man hat heute gesehen, dass wir alles geben f\u00fcr jeden einzelnen Punkt \u0096 daran m\u00fcssen wir in den n\u00e4chsten Wochen ankn\u00fcpfen.&quot;<br \/>\n(rf)<\/p>\n","protected":false},"excerpt":{"rendered":"<p>W\u00e4hrend die Mitkonkurrenten um den Klassenerhalt N\u00fcrnberg und Augsburg gegen Borussia Dortmund gepunktet haben, steht der VfB Stuttgart trotz gro\u00dfem&hellip;<\/p>\n","protected":false},"author":2,"featured_media":0,"comment_status":"open","ping_status":"open","sticky":false,"template":"","format":"standard","meta":{"footnotes":""},"categories":[],"tags":[],"class_list":["post-171","post","type-post","status-publish","format-standard","hentry"],"_links":{"self":[{"href":"https:\/\/vfb1.de\/vfb\/wp-json\/wp\/v2\/posts\/171","targetHints":{"allow":["GET"]}}],"collection":[{"href":"https:\/\/vfb1.de\/vfb\/wp-json\/wp\/v2\/posts"}],"about":[{"href":"https:\/\/vfb1.de\/vfb\/wp-json\/wp\/v2\/types\/post"}],"author":[{"embeddable":true,"href":"https:\/\/vfb1.de\/vfb\/wp-json\/wp\/v2\/users\/2"}],"replies":[{"embeddable":true,"href":"https:\/\/vfb1.de\/vfb\/wp-json\/wp\/v2\/comments?post=171"}],"version-history":[{"count":0,"href":"https:\/\/vfb1.de\/vfb\/wp-json\/wp\/v2\/posts\/171\/revisions"}],"wp:attachment":[{"href":"https:\/\/vfb1.de\/vfb\/wp-json\/wp\/v2\/media?parent=171"}],"wp:term":[{"taxonomy":"category","embeddable":true,"href":"https:\/\/vfb1.de\/vfb\/wp-json\/wp\/v2\/categories?post=171"},{"taxonomy":"post_tag","embeddable":true,"href":"https:\/\/vfb1.de\/vfb\/wp-json\/wp\/v2\/tags?post=171"}],"curies":[{"name":"wp","href":"https:\/\/api.w.org\/{rel}","templated":true}]}}