{"id":164,"date":"2019-03-02T00:00:00","date_gmt":"2019-03-02T00:00:00","guid":{"rendered":"https:\/\/vfb1.de\/vfb\/2019\/03\/02\/vfb-stuttgart-sportdirektor-kommt-noch-in-dieser-saison\/"},"modified":"2019-03-02T00:00:00","modified_gmt":"2019-03-02T00:00:00","slug":"vfb-stuttgart-sportdirektor-kommt-noch-in-dieser-saison","status":"publish","type":"post","link":"https:\/\/vfb1.de\/vfb\/2019\/03\/02\/vfb-stuttgart-sportdirektor-kommt-noch-in-dieser-saison\/","title":{"rendered":"VfB Stuttgart: Sportdirektor kommt noch in dieser Saison"},"content":{"rendered":"<p>VfB-Sportvorstand Thomas Hitzlsperger hat nach seinem Amtsantritt betont, dass er sportliche Kompetenz im Verein f\u00fcr wichtig h\u00e4lt und kein Alleinentscheider sein will. Beim clubeigenen Talk-Format \u0084VfB im Dialog\u0093 k\u00fcndigte er an, dass noch in dieser Saison ein neuer Sportdirektor kommen wird.<br \/>\n<br \/>Derzeit w\u00fcrden Gespr\u00e4che mit \u0084vielen kompetenten Kandidaten\u0093 gef\u00fchrt. Der neue Mann soll seinen Schwerpunkt in der Kaderplanung haben. In Sachen VfB-Trainer Markus Weinzierl wollte sich der 36-J\u00e4hrige nicht zu weit aus dem Fenster lehnen: \u0084Man kann nie in die Zukunft schauen. Mir w\u00e4re es aber recht, m\u00f6glichst lange in dieser Konstellation zu arbeiten.\u0093<br \/>\n<br \/>Kritik von Fanseite in Richtung VfB-Pr\u00e4sident Wolfgang Dietrich wies Marketingvorstand Jochen R\u00f6ttgermann zur\u00fcck, \u0084weil wir alle gemeinsam in der Verantwortung stehen\u0093. Ein R\u00fccktritt aus freien St\u00fccken h\u00e4lt er f\u00fcr unwahrscheinlich. Sollte ein fristgerechter Antrag beim Vorstand eingereicht werden, entscheidet dieser, ob der Antrag auf die Tagesordnung der Mitgliederversammlung genommen wird. Das Quorum w\u00fcrde 75 Prozent betragen.<br \/>\n(jd)<\/p>\n","protected":false},"excerpt":{"rendered":"<p>VfB-Sportvorstand Thomas Hitzlsperger hat nach seinem Amtsantritt betont, dass er sportliche Kompetenz im Verein f\u00fcr wichtig h\u00e4lt und kein Alleinentscheider&hellip;<\/p>\n","protected":false},"author":2,"featured_media":0,"comment_status":"open","ping_status":"open","sticky":false,"template":"","format":"standard","meta":{"footnotes":""},"categories":[],"tags":[],"class_list":["post-164","post","type-post","status-publish","format-standard","hentry"],"_links":{"self":[{"href":"https:\/\/vfb1.de\/vfb\/wp-json\/wp\/v2\/posts\/164","targetHints":{"allow":["GET"]}}],"collection":[{"href":"https:\/\/vfb1.de\/vfb\/wp-json\/wp\/v2\/posts"}],"about":[{"href":"https:\/\/vfb1.de\/vfb\/wp-json\/wp\/v2\/types\/post"}],"author":[{"embeddable":true,"href":"https:\/\/vfb1.de\/vfb\/wp-json\/wp\/v2\/users\/2"}],"replies":[{"embeddable":true,"href":"https:\/\/vfb1.de\/vfb\/wp-json\/wp\/v2\/comments?post=164"}],"version-history":[{"count":0,"href":"https:\/\/vfb1.de\/vfb\/wp-json\/wp\/v2\/posts\/164\/revisions"}],"wp:attachment":[{"href":"https:\/\/vfb1.de\/vfb\/wp-json\/wp\/v2\/media?parent=164"}],"wp:term":[{"taxonomy":"category","embeddable":true,"href":"https:\/\/vfb1.de\/vfb\/wp-json\/wp\/v2\/categories?post=164"},{"taxonomy":"post_tag","embeddable":true,"href":"https:\/\/vfb1.de\/vfb\/wp-json\/wp\/v2\/tags?post=164"}],"curies":[{"name":"wp","href":"https:\/\/api.w.org\/{rel}","templated":true}]}}