{"id":160,"date":"2019-02-26T00:00:00","date_gmt":"2019-02-26T00:00:00","guid":{"rendered":"https:\/\/vfb1.de\/vfb\/2019\/02\/26\/vfb-stuttgart-sorgenkind-gomez\/"},"modified":"2019-02-26T00:00:00","modified_gmt":"2019-02-26T00:00:00","slug":"vfb-stuttgart-sorgenkind-gomez","status":"publish","type":"post","link":"https:\/\/vfb1.de\/vfb\/2019\/02\/26\/vfb-stuttgart-sorgenkind-gomez\/","title":{"rendered":"VfB Stuttgart: Sorgenkind Gomez"},"content":{"rendered":"<p>\u0084Es tut mir leid f\u00fcr die Mannschaft, dass ich diese Chancen nicht genutzt habe&quot;, lie\u00df VfB-St\u00fcrmer Mario Gomez seine Mannschaftskollegen wissen, nachdem er gegen Werder Bremen zwei Gro\u00dfchancen liegen lie\u00df, die dem VfB einen Sieg h\u00e4tten einbringen k\u00f6nnen. In dieser Saison ist Gomez zum Sorgenkind geworden.<br \/>\n<br \/>Bislang gelangen ihm erst f\u00fcnf Treffer. Zuletzt sa\u00df er sogar auf der Bank. Seit dem 15. Spieltag wartet er auf einen Torerfolg. &quot;Das Gl\u00fcck ist zurzeit nicht auf meiner Seite. Ich versuche gegen die Laufrichtung des Torwarts zu spielen, dabei muss ich den Ball doch nur ein bisschen anheben&quot;, haderte Gomez nach dem 1:1 gegen Bremen.<br \/>\n<br \/>Auch VfB-Trainer Markus Weinzierl ist nicht zufrieden mit der Leistung von Gomez: &quot;Wir lassen zweimal die Chance zum 2:0 liegen. Das darf nicht passieren.&quot; Generelle Kritik \u00fcbt er dennoch nicht an seinem St\u00fcrmer: &quot;Mario fehlen die Leichtigkeit und das Selbstverst\u00e4ndnis, das er jahrelang gehabt hat. Aber mit der Qualit\u00e4t, die er hat, wird er auch wieder Tore machen.&quot;<br \/>\n(rf)<\/p>\n","protected":false},"excerpt":{"rendered":"<p>\u0084Es tut mir leid f\u00fcr die Mannschaft, dass ich diese Chancen nicht genutzt habe&quot;, lie\u00df VfB-St\u00fcrmer Mario Gomez seine Mannschaftskollegen&hellip;<\/p>\n","protected":false},"author":2,"featured_media":0,"comment_status":"open","ping_status":"open","sticky":false,"template":"","format":"standard","meta":{"footnotes":""},"categories":[],"tags":[],"class_list":["post-160","post","type-post","status-publish","format-standard","hentry"],"_links":{"self":[{"href":"https:\/\/vfb1.de\/vfb\/wp-json\/wp\/v2\/posts\/160","targetHints":{"allow":["GET"]}}],"collection":[{"href":"https:\/\/vfb1.de\/vfb\/wp-json\/wp\/v2\/posts"}],"about":[{"href":"https:\/\/vfb1.de\/vfb\/wp-json\/wp\/v2\/types\/post"}],"author":[{"embeddable":true,"href":"https:\/\/vfb1.de\/vfb\/wp-json\/wp\/v2\/users\/2"}],"replies":[{"embeddable":true,"href":"https:\/\/vfb1.de\/vfb\/wp-json\/wp\/v2\/comments?post=160"}],"version-history":[{"count":0,"href":"https:\/\/vfb1.de\/vfb\/wp-json\/wp\/v2\/posts\/160\/revisions"}],"wp:attachment":[{"href":"https:\/\/vfb1.de\/vfb\/wp-json\/wp\/v2\/media?parent=160"}],"wp:term":[{"taxonomy":"category","embeddable":true,"href":"https:\/\/vfb1.de\/vfb\/wp-json\/wp\/v2\/categories?post=160"},{"taxonomy":"post_tag","embeddable":true,"href":"https:\/\/vfb1.de\/vfb\/wp-json\/wp\/v2\/tags?post=160"}],"curies":[{"name":"wp","href":"https:\/\/api.w.org\/{rel}","templated":true}]}}